{"id":922,"date":"2012-05-22T15:23:27","date_gmt":"2012-05-22T13:23:27","guid":{"rendered":"http:\/\/konyvhetszeged2012.sk-szeged.hu\/?p=922"},"modified":"2021-03-23T09:23:01","modified_gmt":"2021-03-23T07:23:01","slug":"szeged-effekt","status":"publish","type":"post","link":"http:\/\/konyvhetszeged2012.sk-szeged.hu\/?p=922","title":{"rendered":"Szeged effekt"},"content":{"rendered":"<p><a href=\"http:\/\/konyvhetszeged2012.sk-szeged.hu\/wp-content\/uploads\/2012\/05\/pusztai_virag.jpg\"><img loading=\"lazy\" decoding=\"async\" class=\"alignleft  wp-image-928\" title=\"pusztai_virag\" src=\"http:\/\/konyvhetszeged2012.sk-szeged.hu\/wp-content\/uploads\/2012\/05\/pusztai_virag-300x283.jpg\" alt=\"\" width=\"266\" height=\"251\" srcset=\"http:\/\/konyvhetszeged2012.sk-szeged.hu\/wp-content\/uploads\/2012\/05\/pusztai_virag-300x283.jpg 300w, http:\/\/konyvhetszeged2012.sk-szeged.hu\/wp-content\/uploads\/2012\/05\/pusztai_virag.jpg 445w\" sizes=\"auto, (max-width: 266px) 100vw, 266px\" \/><\/a><\/p>\n<p><strong><\/strong>Szeged effekt \u2013 illusztr\u00e1ci\u00f3-ki\u00e1ll\u00edt\u00e1s<br \/>\n<strong>Pusztai Vir\u00e1g<\/strong> ki\u00e1ll\u00edt\u00e1sa a Somogyi-k\u00f6nyvt\u00e1r Internet-ter\u00e9ben a Szeged effekt-antol\u00f3gi\u00e1k illusztr\u00e1ci\u00f3ib\u00f3l.<\/p>\n<blockquote><p>2011 \u0151sz\u00e9n l\u00e1tott napvil\u00e1got a Szeged effekt irodalmi antol\u00f3gia, s az idei k\u00f6nyvh\u00e9tre jelent meg a Szeged effekt 2. Mindk\u00e9t k\u00f6tetben felk\u00e9r\u00e9sre sz\u00fcletett, els\u0151k\u00f6zl\u00e9s\u0171 \u00edr\u00e1sok olvashat\u00f3k, amelyek a v\u00e1roshoz kapcsol\u00f3d\u00f3 \u00e9lm\u00e9nyeket, benyom\u00e1sokat r\u00f6gz\u00edtenek. Ezeket eg\u00e9sz\u00edtik ki \u00e9s \u00e1rnyalj\u00e1k tov\u00e1bb Pusztai Vir\u00e1g illusztr\u00e1ci\u00f3i, amelyek a fot\u00f3mont\u00e1zs \u00e9s a grafika technik\u00e1j\u00e1t \u00f6tv\u00f6zik. A k\u00e9pek egy-egy r\u00e9szletet villantanak fel Szeged utc\u00e1ib\u00f3l, tereib\u0151l, \u00e9p\u00fcleteib\u0151l. A belv\u00e1ros palot\u00e1ib\u00f3l csak\u00fagy, mint az als\u00f3v\u00e1rosi h\u00e1zakb\u00f3l vagy a lak\u00f3telepi mili\u0151b\u0151l. Az illusztr\u00e1ci\u00f3k egyfajta j\u00e1t\u00e9kot is k\u00edn\u00e1lnak: a homlokzati elemek, \u00e9p\u00fcletszobrok, kapuk, ablakok, t\u00e1bl\u00e1k \u00e9s falfirk\u00e1k mind beazonos\u00edthat\u00f3k, megkereshet\u0151k a v\u00e1ros ter\u00fclet\u00e9n. A fotorealisztikus val\u00f3s\u00e1g adta kereteket t\u00f6ltik meg \u00e9lettel a fant\u00e1zia rajzolt sz\u00fclem\u00e9nyei, n\u00f6v\u00e9nyek, \u00e1llatok \u00e9s emberalakok, vagy \u00e9ppen az emberi jelenl\u00e9tre utal\u00f3 nyomok.<br \/>\nA Szeged effekt k\u00f6tetek m\u0171faji \u00e9s stil\u00e1ris soksz\u00edn\u0171s\u00e9ge az eklektikus Szeged ihlette \u00e9lm\u00e9nyek kaleidoszk\u00f3pj\u00e1t ny\u00fajtja.<\/p><\/blockquote>\n<ul>\n<li>Helysz\u00edn: Somogyi-k\u00f6nyvt\u00e1r, Internet-T\u00e9r (D\u00f3m t\u00e9r 1-4.)<\/li>\n<li>Id\u0151pont: 2012. j\u00fanius 1-j\u00e9t\u0151l augusztus 1-j\u00e9ig<\/li>\n<\/ul>\n<p>Kapcsol\u00f3d\u00f3 inform\u00e1ci\u00f3k:<br \/>\n<a href=\"http:\/\/konyvhetszeged2012.sk-szeged.hu\/?p=361\">A Szeged effekt 2 leteszi n\u00e9vjegy\u00e9t<\/a><br \/>\n<a href=\"http:\/\/konyvhetszeged2012.sk-szeged.hu\/?p=414\">K\u00f6tetbemutat\u00f3 a K\u00f6nyvh\u00e9ten<\/a><br \/>\n<a href=\"http:\/\/www.szegedeffekt.eoldal.hu\/\" target=\"_blank\" rel=\"noopener\">A Szeged effekt antol\u00f3gi\u00e1k<\/a><br \/>\n<a href=\"http:\/\/www.spanyolnatha.hu\/archivum\/2011-4\/38\/spn-szeged-szeged-effekt\/szeged-effekt\/2967\/\" target=\"_blank\" rel=\"noopener\">Illusztr\u00e1ci\u00f3k a k\u00f6tetekb\u0151l<\/a> (spanyolnatha.hu)<br \/>\n<a href=\"http:\/\/www.szegedilap.hu\/cikkek\/irodalom-tortenes\/szeged-effekt-2.html\" target=\"_blank\" rel=\"noopener\">Szeged effekt 2 (szegedilap.hu)<\/a><\/p>\n","protected":false},"excerpt":{"rendered":"<p>Szeged effekt \u2013 illusztr\u00e1ci\u00f3-ki\u00e1ll\u00edt\u00e1s Pusztai Vir\u00e1g ki\u00e1ll\u00edt\u00e1sa a Somogyi-k\u00f6nyvt\u00e1r Internet-ter\u00e9ben a Szeged effekt-antol\u00f3gi\u00e1k illusztr\u00e1ci\u00f3ib\u00f3l. 2011 \u0151sz\u00e9n l\u00e1tott napvil\u00e1got a Szeged effekt irodalmi antol\u00f3gia, s az idei k\u00f6nyvh\u00e9tre jelent meg a Szeged effekt 2. Mindk\u00e9t k\u00f6tetben felk\u00e9r\u00e9sre sz\u00fcletett, els\u0151k\u00f6zl\u00e9s\u0171 \u00edr\u00e1sok olvashat\u00f3k, &hellip; <a href=\"http:\/\/konyvhetszeged2012.sk-szeged.hu\/?p=922\">Tov\u00e1bb <span class=\"meta-nav\">&rarr;<\/span><\/a><\/p>\n","protected":false},"author":2,"featured_media":0,"comment_status":"closed","ping_status":"open","sticky":false,"template":"","format":"standard","meta":{"ngg_post_thumbnail":0,"footnotes":""},"categories":[345,88,25,43],"tags":[346],"class_list":["post-922","post","type-post","status-publish","format-standard","hentry","category-areion-egyesulet","category-bene-zoltan","category-kiallitas","category-somogyi-konyvtar","tag-pusztai-virag"],"_links":{"self":[{"href":"http:\/\/konyvhetszeged2012.sk-szeged.hu\/index.php?rest_route=\/wp\/v2\/posts\/922","targetHints":{"allow":["GET"]}}],"collection":[{"href":"http:\/\/konyvhetszeged2012.sk-szeged.hu\/index.php?rest_route=\/wp\/v2\/posts"}],"about":[{"href":"http:\/\/konyvhetszeged2012.sk-szeged.hu\/index.php?rest_route=\/wp\/v2\/types\/post"}],"author":[{"embeddable":true,"href":"http:\/\/konyvhetszeged2012.sk-szeged.hu\/index.php?rest_route=\/wp\/v2\/users\/2"}],"replies":[{"embeddable":true,"href":"http:\/\/konyvhetszeged2012.sk-szeged.hu\/index.php?rest_route=%2Fwp%2Fv2%2Fcomments&post=922"}],"version-history":[{"count":11,"href":"http:\/\/konyvhetszeged2012.sk-szeged.hu\/index.php?rest_route=\/wp\/v2\/posts\/922\/revisions"}],"predecessor-version":[{"id":1475,"href":"http:\/\/konyvhetszeged2012.sk-szeged.hu\/index.php?rest_route=\/wp\/v2\/posts\/922\/revisions\/1475"}],"wp:attachment":[{"href":"http:\/\/konyvhetszeged2012.sk-szeged.hu\/index.php?rest_route=%2Fwp%2Fv2%2Fmedia&parent=922"}],"wp:term":[{"taxonomy":"category","embeddable":true,"href":"http:\/\/konyvhetszeged2012.sk-szeged.hu\/index.php?rest_route=%2Fwp%2Fv2%2Fcategories&post=922"},{"taxonomy":"post_tag","embeddable":true,"href":"http:\/\/konyvhetszeged2012.sk-szeged.hu\/index.php?rest_route=%2Fwp%2Fv2%2Ftags&post=922"}],"curies":[{"name":"wp","href":"https:\/\/api.w.org\/{rel}","templated":true}]}}