{"id":912,"date":"2012-05-22T15:24:17","date_gmt":"2012-05-22T13:24:17","guid":{"rendered":"http:\/\/konyvhetszeged2012.sk-szeged.hu\/?p=912"},"modified":"2021-03-23T09:23:01","modified_gmt":"2021-03-23T07:23:01","slug":"olimpia-elott-olimpiak-utan","status":"publish","type":"post","link":"http:\/\/konyvhetszeged2012.sk-szeged.hu\/?p=912","title":{"rendered":"Olimpia el\u0151tt \u2013 olimpi\u00e1k ut\u00e1n"},"content":{"rendered":"<p><a href=\"http:\/\/konyvhetszeged2012.sk-szeged.hu\/wp-content\/uploads\/2012\/05\/olimpia.jpg\"><img loading=\"lazy\" decoding=\"async\" class=\"alignleft  wp-image-917\" title=\"olimpia\" src=\"http:\/\/konyvhetszeged2012.sk-szeged.hu\/wp-content\/uploads\/2012\/05\/olimpia-299x300.jpg\" alt=\"\" width=\"218\" height=\"219\" srcset=\"http:\/\/konyvhetszeged2012.sk-szeged.hu\/wp-content\/uploads\/2012\/05\/olimpia-299x300.jpg 299w, http:\/\/konyvhetszeged2012.sk-szeged.hu\/wp-content\/uploads\/2012\/05\/olimpia-150x150.jpg 150w, http:\/\/konyvhetszeged2012.sk-szeged.hu\/wp-content\/uploads\/2012\/05\/olimpia.jpg 300w\" sizes=\"auto, (max-width: 218px) 100vw, 218px\" \/><\/a><br \/>\nOlimpiai \u00e9rmek, jelv\u00e9nyek &#8211; \u00e9rdekess\u00e9gek az \u00f6tkarik\u00e1s j\u00e1t\u00e9kok t\u00f6rt\u00e9net\u00e9b\u0151l<br \/>\nV\u00e1logat\u00e1s <strong>dr. Kremser P\u00e9ter<\/strong> \u00fajs\u00e1g\u00edr\u00f3 mag\u00e1ngy\u0171jtem\u00e9ny\u00e9b\u0151l<\/p>\n<blockquote><p>Olimpiai r\u00e9szv\u00e9teli \u00e9rmekb\u0151l, d\u00edj\u00e9rmekb\u0151l, olimpiai jelv\u00e9nyekb\u0151l, kit\u00fcntet\u00e9sekb\u0151l hasonl\u00f3 ki\u00e1ll\u00edt\u00e1st m\u00e9g nem rendeztek Magyarorsz\u00e1gon.<\/p><\/blockquote>\n<ul>\n<li>Helysz\u00edn: Somogyi-k\u00f6nyvt\u00e1r (D\u00f3m t\u00e9r 1-4.)<\/li>\n<li>Id\u0151pont: 2012. j\u00fanius 9-ig<\/li>\n<\/ul>\n","protected":false},"excerpt":{"rendered":"<p>Olimpiai \u00e9rmek, jelv\u00e9nyek &#8211; \u00e9rdekess\u00e9gek az \u00f6tkarik\u00e1s j\u00e1t\u00e9kok t\u00f6rt\u00e9net\u00e9b\u0151l V\u00e1logat\u00e1s dr. Kremser P\u00e9ter \u00fajs\u00e1g\u00edr\u00f3 mag\u00e1ngy\u0171jtem\u00e9ny\u00e9b\u0151l Olimpiai r\u00e9szv\u00e9teli \u00e9rmekb\u0151l, d\u00edj\u00e9rmekb\u0151l, olimpiai jelv\u00e9nyekb\u0151l, kit\u00fcntet\u00e9sekb\u0151l hasonl\u00f3 ki\u00e1ll\u00edt\u00e1st m\u00e9g nem rendeztek Magyarorsz\u00e1gon. Helysz\u00edn: Somogyi-k\u00f6nyvt\u00e1r (D\u00f3m t\u00e9r 1-4.) Id\u0151pont: 2012. j\u00fanius 9-ig<\/p>\n","protected":false},"author":2,"featured_media":0,"comment_status":"closed","ping_status":"open","sticky":false,"template":"","format":"standard","meta":{"ngg_post_thumbnail":0,"footnotes":""},"categories":[25,43],"tags":[426],"class_list":["post-912","post","type-post","status-publish","format-standard","hentry","category-kiallitas","category-somogyi-konyvtar","tag-kremser-peter"],"_links":{"self":[{"href":"http:\/\/konyvhetszeged2012.sk-szeged.hu\/index.php?rest_route=\/wp\/v2\/posts\/912","targetHints":{"allow":["GET"]}}],"collection":[{"href":"http:\/\/konyvhetszeged2012.sk-szeged.hu\/index.php?rest_route=\/wp\/v2\/posts"}],"about":[{"href":"http:\/\/konyvhetszeged2012.sk-szeged.hu\/index.php?rest_route=\/wp\/v2\/types\/post"}],"author":[{"embeddable":true,"href":"http:\/\/konyvhetszeged2012.sk-szeged.hu\/index.php?rest_route=\/wp\/v2\/users\/2"}],"replies":[{"embeddable":true,"href":"http:\/\/konyvhetszeged2012.sk-szeged.hu\/index.php?rest_route=%2Fwp%2Fv2%2Fcomments&post=912"}],"version-history":[{"count":6,"href":"http:\/\/konyvhetszeged2012.sk-szeged.hu\/index.php?rest_route=\/wp\/v2\/posts\/912\/revisions"}],"predecessor-version":[{"id":952,"href":"http:\/\/konyvhetszeged2012.sk-szeged.hu\/index.php?rest_route=\/wp\/v2\/posts\/912\/revisions\/952"}],"wp:attachment":[{"href":"http:\/\/konyvhetszeged2012.sk-szeged.hu\/index.php?rest_route=%2Fwp%2Fv2%2Fmedia&parent=912"}],"wp:term":[{"taxonomy":"category","embeddable":true,"href":"http:\/\/konyvhetszeged2012.sk-szeged.hu\/index.php?rest_route=%2Fwp%2Fv2%2Fcategories&post=912"},{"taxonomy":"post_tag","embeddable":true,"href":"http:\/\/konyvhetszeged2012.sk-szeged.hu\/index.php?rest_route=%2Fwp%2Fv2%2Ftags&post=912"}],"curies":[{"name":"wp","href":"https:\/\/api.w.org\/{rel}","templated":true}]}}