{"id":807,"date":"2012-05-22T08:35:21","date_gmt":"2012-05-22T06:35:21","guid":{"rendered":"http:\/\/konyvhetszeged2012.sk-szeged.hu\/?p=807"},"modified":"2012-05-30T21:45:19","modified_gmt":"2012-05-30T19:45:19","slug":"bbc-goodfood-vilagkonyha","status":"publish","type":"post","link":"http:\/\/konyvhetszeged2012.sk-szeged.hu\/?p=807","title":{"rendered":"BBC GoodFood Vil\u00e1gkonyha"},"content":{"rendered":"<p><a href=\"http:\/\/konyvhetszeged2012.sk-szeged.hu\/wp-content\/uploads\/2012\/05\/good_food.jpg\"><img loading=\"lazy\" decoding=\"async\" class=\"alignleft  wp-image-816\" title=\"good_food\" src=\"http:\/\/konyvhetszeged2012.sk-szeged.hu\/wp-content\/uploads\/2012\/05\/good_food-234x300.jpg\" alt=\"\" width=\"215\" height=\"276\" srcset=\"http:\/\/konyvhetszeged2012.sk-szeged.hu\/wp-content\/uploads\/2012\/05\/good_food-234x300.jpg 234w, http:\/\/konyvhetszeged2012.sk-szeged.hu\/wp-content\/uploads\/2012\/05\/good_food.jpg 300w\" sizes=\"auto, (max-width: 215px) 100vw, 215px\" \/><\/a><br \/>\nBemutatkozik a BBC GoodFood Vil\u00e1gkonyha magazin<br \/>\nVend\u00e9gek: <strong>Izb\u00e9ki G\u00e1bor<\/strong> f\u0151szerkeszt\u0151 \u00e9s <strong>\u00d6rd\u00f6gh B\u00e1lint<\/strong> vezet\u0151 szerkeszt\u0151<br \/>\nBesz\u00e9lget\u0151t\u00e1rs: <strong>Rafai G\u00e1bor<\/strong> \u00fajs\u00e1g\u00edr\u00f3<br \/>\n<strong><\/strong> <strong><\/strong><\/p>\n<blockquote>\n<p>Igen, milli\u00f3k kedvenc gasztromagazinja meg\u00e9rkezett Magyarorsz\u00e1gra. A Kossuth Kiad\u00f3i Csoport tagja, a Ventus Commerce Kft. 2012. febru\u00e1r 29-\u00e9n ind\u00edtotta \u00fatj\u00e1ra a BBC GoodFood Vil\u00e1gkonyha magazint. A magazint, amely nem akar m\u00e1st, mint megmutatni, hogy a j\u00f3 \u00e9tel mindenkit \u00f6sszehoz, \u00e9s hogy j\u00f3t enni b\u00e1rmikor lehet. Otthon is. S\u0151t, otthon igaz\u00e1n!<\/p>\n<\/blockquote>\n<ul>\n<li>Helysz\u00edn: Re\u00f6k-palota el\u0151tti t\u00e9r (Tisza Lajos krt. 56.)<\/li>\n<li>Id\u0151pont: 2012. j\u00fanius 11. (h\u00e9tf\u0151) 19.00<\/li>\n<\/ul>\n<p>Kapcsol\u00f3d\u00f3 inform\u00e1ci\u00f3k:<br \/>\n<a href=\"http:\/\/www.bbcgoodfood.hu\/\" target=\"_blank\">A magazin honlapja<\/a><\/p>\n","protected":false},"excerpt":{"rendered":"<p>Bemutatkozik a BBC GoodFood Vil\u00e1gkonyha magazin Vend\u00e9gek: Izb\u00e9ki G\u00e1bor f\u0151szerkeszt\u0151 \u00e9s \u00d6rd\u00f6gh B\u00e1lint vezet\u0151 szerkeszt\u0151 Besz\u00e9lget\u0151t\u00e1rs: Rafai G\u00e1bor \u00fajs\u00e1g\u00edr\u00f3 Igen, milli\u00f3k kedvenc gasztromagazinja meg\u00e9rkezett Magyarorsz\u00e1gra. A Kossuth Kiad\u00f3i Csoport tagja, a Ventus Commerce Kft. 2012. febru\u00e1r 29-\u00e9n ind\u00edtotta \u00fatj\u00e1ra a &hellip; <a href=\"http:\/\/konyvhetszeged2012.sk-szeged.hu\/?p=807\">Tov\u00e1bb <span class=\"meta-nav\">&rarr;<\/span><\/a><\/p>\n","protected":false},"author":2,"featured_media":0,"comment_status":"open","ping_status":"open","sticky":false,"template":"","format":"standard","meta":{"ngg_post_thumbnail":0,"footnotes":""},"categories":[293,26,265],"tags":[407,408,406],"class_list":["post-807","post","type-post","status-publish","format-standard","hentry","category-junius-11-hetfo","category-konyvbemutato","category-reok-palota-elotti-ter","tag-izbeki-gabor","tag-ordogh-balint","tag-rafai-gabor"],"_links":{"self":[{"href":"http:\/\/konyvhetszeged2012.sk-szeged.hu\/index.php?rest_route=\/wp\/v2\/posts\/807","targetHints":{"allow":["GET"]}}],"collection":[{"href":"http:\/\/konyvhetszeged2012.sk-szeged.hu\/index.php?rest_route=\/wp\/v2\/posts"}],"about":[{"href":"http:\/\/konyvhetszeged2012.sk-szeged.hu\/index.php?rest_route=\/wp\/v2\/types\/post"}],"author":[{"embeddable":true,"href":"http:\/\/konyvhetszeged2012.sk-szeged.hu\/index.php?rest_route=\/wp\/v2\/users\/2"}],"replies":[{"embeddable":true,"href":"http:\/\/konyvhetszeged2012.sk-szeged.hu\/index.php?rest_route=%2Fwp%2Fv2%2Fcomments&post=807"}],"version-history":[{"count":3,"href":"http:\/\/konyvhetszeged2012.sk-szeged.hu\/index.php?rest_route=\/wp\/v2\/posts\/807\/revisions"}],"predecessor-version":[{"id":1112,"href":"http:\/\/konyvhetszeged2012.sk-szeged.hu\/index.php?rest_route=\/wp\/v2\/posts\/807\/revisions\/1112"}],"wp:attachment":[{"href":"http:\/\/konyvhetszeged2012.sk-szeged.hu\/index.php?rest_route=%2Fwp%2Fv2%2Fmedia&parent=807"}],"wp:term":[{"taxonomy":"category","embeddable":true,"href":"http:\/\/konyvhetszeged2012.sk-szeged.hu\/index.php?rest_route=%2Fwp%2Fv2%2Fcategories&post=807"},{"taxonomy":"post_tag","embeddable":true,"href":"http:\/\/konyvhetszeged2012.sk-szeged.hu\/index.php?rest_route=%2Fwp%2Fv2%2Ftags&post=807"}],"curies":[{"name":"wp","href":"https:\/\/api.w.org\/{rel}","templated":true}]}}