{"id":793,"date":"2012-05-22T08:40:50","date_gmt":"2012-05-22T06:40:50","guid":{"rendered":"http:\/\/konyvhetszeged2012.sk-szeged.hu\/?p=793"},"modified":"2012-05-30T21:44:54","modified_gmt":"2012-05-30T19:44:54","slug":"mufajok-hatarai","status":"publish","type":"post","link":"http:\/\/konyvhetszeged2012.sk-szeged.hu\/?p=793","title":{"rendered":"M\u0171fajok hat\u00e1rai"},"content":{"rendered":"<p><a href=\"http:\/\/konyvhetszeged2012.sk-szeged.hu\/wp-content\/uploads\/2012\/05\/tiszataj.jpg\"><img loading=\"lazy\" decoding=\"async\" class=\"alignleft size-full wp-image-794\" title=\"tiszataj\" src=\"http:\/\/konyvhetszeged2012.sk-szeged.hu\/wp-content\/uploads\/2012\/05\/tiszataj.jpg\" alt=\"\" width=\"281\" height=\"153\" \/><\/a><\/p>\n<p>Tiszat\u00e1j foly\u00f3irat k\u00e9t szerz\u0151j\u00e9vel, <strong>Egressy Zolt\u00e1n<\/strong>nal \u00e9s <strong>Zal\u00e1n Tibor<\/strong>ral Vir\u00e1g Zolt\u00e1n besz\u00e9lget.<\/p>\n<p>&nbsp;<\/p>\n<ul>\n<li>Helysz\u00edn: Re\u00f6k-palota el\u0151tti t\u00e9r (Tisza Lajos krt. 56.)<\/li>\n<li>Id\u0151pont: 2012. j\u00fanius 11. (h\u00e9tf\u0151) 18.30<\/li>\n<\/ul>\n<p>Kapcsol\u00f3d\u00f3 inform\u00e1ci\u00f3k:<br \/>\n<a href=\"http:\/\/www.tiszataj.hu\/\" target=\"_blank\">Tiszat\u00e1j irodalmi foly\u00f3irat<\/a><\/p>\n","protected":false},"excerpt":{"rendered":"<p>Tiszat\u00e1j foly\u00f3irat k\u00e9t szerz\u0151j\u00e9vel, Egressy Zolt\u00e1nnal \u00e9s Zal\u00e1n Tiborral Vir\u00e1g Zolt\u00e1n besz\u00e9lget. &nbsp; Helysz\u00edn: Re\u00f6k-palota el\u0151tti t\u00e9r (Tisza Lajos krt. 56.) Id\u0151pont: 2012. j\u00fanius 11. (h\u00e9tf\u0151) 18.30 Kapcsol\u00f3d\u00f3 inform\u00e1ci\u00f3k: Tiszat\u00e1j irodalmi foly\u00f3irat<\/p>\n","protected":false},"author":3,"featured_media":0,"comment_status":"open","ping_status":"open","sticky":false,"template":"","format":"standard","meta":{"ngg_post_thumbnail":0,"footnotes":""},"categories":[167,319,293,265,405],"tags":[363],"class_list":["post-793","post","type-post","status-publish","format-standard","hentry","category-egressy-zoltan","category-iro-olvaso-talalkozo","category-junius-11-hetfo","category-reok-palota-elotti-ter","category-zalan-tibor","tag-virag-zoltan"],"_links":{"self":[{"href":"http:\/\/konyvhetszeged2012.sk-szeged.hu\/index.php?rest_route=\/wp\/v2\/posts\/793","targetHints":{"allow":["GET"]}}],"collection":[{"href":"http:\/\/konyvhetszeged2012.sk-szeged.hu\/index.php?rest_route=\/wp\/v2\/posts"}],"about":[{"href":"http:\/\/konyvhetszeged2012.sk-szeged.hu\/index.php?rest_route=\/wp\/v2\/types\/post"}],"author":[{"embeddable":true,"href":"http:\/\/konyvhetszeged2012.sk-szeged.hu\/index.php?rest_route=\/wp\/v2\/users\/3"}],"replies":[{"embeddable":true,"href":"http:\/\/konyvhetszeged2012.sk-szeged.hu\/index.php?rest_route=%2Fwp%2Fv2%2Fcomments&post=793"}],"version-history":[{"count":17,"href":"http:\/\/konyvhetszeged2012.sk-szeged.hu\/index.php?rest_route=\/wp\/v2\/posts\/793\/revisions"}],"predecessor-version":[{"id":1111,"href":"http:\/\/konyvhetszeged2012.sk-szeged.hu\/index.php?rest_route=\/wp\/v2\/posts\/793\/revisions\/1111"}],"wp:attachment":[{"href":"http:\/\/konyvhetszeged2012.sk-szeged.hu\/index.php?rest_route=%2Fwp%2Fv2%2Fmedia&parent=793"}],"wp:term":[{"taxonomy":"category","embeddable":true,"href":"http:\/\/konyvhetszeged2012.sk-szeged.hu\/index.php?rest_route=%2Fwp%2Fv2%2Fcategories&post=793"},{"taxonomy":"post_tag","embeddable":true,"href":"http:\/\/konyvhetszeged2012.sk-szeged.hu\/index.php?rest_route=%2Fwp%2Fv2%2Ftags&post=793"}],"curies":[{"name":"wp","href":"https:\/\/api.w.org\/{rel}","templated":true}]}}