{"id":742,"date":"2012-05-22T09:05:17","date_gmt":"2012-05-22T07:05:17","guid":{"rendered":"http:\/\/konyvhetszeged2012.sk-szeged.hu\/?p=742"},"modified":"2012-05-30T21:35:41","modified_gmt":"2012-05-30T19:35:41","slug":"kezfogas-a-szeged-folyoirat-szerkesztosege-es-a-dugonics-tarsasag","status":"publish","type":"post","link":"http:\/\/konyvhetszeged2012.sk-szeged.hu\/?p=742","title":{"rendered":"K\u00e9zfog\u00e1s &#8211; a Szeged foly\u00f3irat szerkeszt\u0151s\u00e9ge \u00e9s a Dugonics T\u00e1rsas\u00e1g"},"content":{"rendered":"<p>H\u00e1zigazda: <strong>Tandi Lajos<\/strong>, a Szeged foly\u00f3irat f\u0151szerkeszt\u0151je<br \/>\n<a href=\"http:\/\/konyvhetszeged2012.sk-szeged.hu\/wp-content\/uploads\/2012\/05\/szeged_folyoirat.jpg\"><img loading=\"lazy\" decoding=\"async\" class=\"alignleft  wp-image-752\" title=\"szeged_folyoirat\" src=\"http:\/\/konyvhetszeged2012.sk-szeged.hu\/wp-content\/uploads\/2012\/05\/szeged_folyoirat.jpg\" alt=\"\" width=\"339\" height=\"112\" srcset=\"http:\/\/konyvhetszeged2012.sk-szeged.hu\/wp-content\/uploads\/2012\/05\/szeged_folyoirat.jpg 763w, http:\/\/konyvhetszeged2012.sk-szeged.hu\/wp-content\/uploads\/2012\/05\/szeged_folyoirat-300x99.jpg 300w\" sizes=\"auto, (max-width: 339px) 100vw, 339px\" \/><\/a><\/p>\n<blockquote><p>A Szeged foly\u00f3irat a rendszerv\u00e1ltoz\u00e1s el\u0151tt indult, c\u00e9lja mindm\u00e1ig a v\u00e1ros r\u00e9gi \u00e9s \u00faj \u00e9rt\u00e9keinek meg\u0151rz\u00e9se, bemutat\u00e1sa.<\/p><\/blockquote>\n<p><a href=\"http:\/\/konyvhetszeged2012.sk-szeged.hu\/wp-content\/uploads\/2012\/05\/dugonics_tarsasag.jpg\"><img loading=\"lazy\" decoding=\"async\" class=\"alignleft  wp-image-766\" title=\"dugonics_tarsasag\" src=\"http:\/\/konyvhetszeged2012.sk-szeged.hu\/wp-content\/uploads\/2012\/05\/dugonics_tarsasag.jpg\" alt=\"\" width=\"177\" height=\"177\" srcset=\"http:\/\/konyvhetszeged2012.sk-szeged.hu\/wp-content\/uploads\/2012\/05\/dugonics_tarsasag.jpg 240w, http:\/\/konyvhetszeged2012.sk-szeged.hu\/wp-content\/uploads\/2012\/05\/dugonics_tarsasag-150x150.jpg 150w\" sizes=\"auto, (max-width: 177px) 100vw, 177px\" \/><\/a><\/p>\n<blockquote><p>Szeged legr\u00e9gebbi civil szervezet\u00e9t, a Dugonics Andr\u00e1sr\u00f3l elnevezett Dugonics T\u00e1rsas\u00e1got 1892-ben alap\u00edtott\u00e1k a v\u00e1ros szellemi \u00e9let\u00e9nek kiv\u00e1l\u00f3s\u00e1gai.<\/p><\/blockquote>\n<ul>\n<li>Helysz\u00edn: Re\u00f6k-palota el\u0151tti t\u00e9r (Tisza Lajos krt. 56.)<\/li>\n<li>Id\u0151pont: 2012. j\u00fanius 11. (h\u00e9tf\u0151) 17.30<\/li>\n<\/ul>\n<p>Kapcsol\u00f3d\u00f3 inform\u00e1ci\u00f3k:<br \/>\n<a href=\"http:\/\/www.sk-szeged.hu\/szeged-a-varos-folyoirata\" target=\"_blank\">Szeged a v\u00e1ros foly\u00f3irata<\/a><br \/>\n<a href=\"http:\/\/szegedma.hu\/hir\/szeged\/2012\/02\/kiallitas-nyilt-a-120-eves-szegedi-dugonics-tarsasagrol.html\" target=\"_blank\">Ki\u00e1ll\u00edt\u00e1s \u00e9s eml\u00e9k\u00fcl\u00e9s a Dugonics T\u00e1rsas\u00e1g 120 \u00e9ves sz\u00fclet\u00e9snapj\u00e1ra<\/a> (szegedma.hu)<\/p>\n","protected":false},"excerpt":{"rendered":"<p>H\u00e1zigazda: Tandi Lajos, a Szeged foly\u00f3irat f\u0151szerkeszt\u0151je A Szeged foly\u00f3irat a rendszerv\u00e1ltoz\u00e1s el\u0151tt indult, c\u00e9lja mindm\u00e1ig a v\u00e1ros r\u00e9gi \u00e9s \u00faj \u00e9rt\u00e9keinek meg\u0151rz\u00e9se, bemutat\u00e1sa. Szeged legr\u00e9gebbi civil szervezet\u00e9t, a Dugonics Andr\u00e1sr\u00f3l elnevezett Dugonics T\u00e1rsas\u00e1got 1892-ben alap\u00edtott\u00e1k a v\u00e1ros szellemi \u00e9let\u00e9nek &hellip; <a href=\"http:\/\/konyvhetszeged2012.sk-szeged.hu\/?p=742\">Tov\u00e1bb <span class=\"meta-nav\">&rarr;<\/span><\/a><\/p>\n","protected":false},"author":3,"featured_media":0,"comment_status":"open","ping_status":"open","sticky":false,"template":"","format":"standard","meta":{"ngg_post_thumbnail":0,"footnotes":""},"categories":[319,293,265,99],"tags":[397,398],"class_list":["post-742","post","type-post","status-publish","format-standard","hentry","category-iro-olvaso-talalkozo","category-junius-11-hetfo","category-reok-palota-elotti-ter","category-tandi-lajos","tag-dugonics-tarsasag","tag-szeged-folyoirat"],"_links":{"self":[{"href":"http:\/\/konyvhetszeged2012.sk-szeged.hu\/index.php?rest_route=\/wp\/v2\/posts\/742","targetHints":{"allow":["GET"]}}],"collection":[{"href":"http:\/\/konyvhetszeged2012.sk-szeged.hu\/index.php?rest_route=\/wp\/v2\/posts"}],"about":[{"href":"http:\/\/konyvhetszeged2012.sk-szeged.hu\/index.php?rest_route=\/wp\/v2\/types\/post"}],"author":[{"embeddable":true,"href":"http:\/\/konyvhetszeged2012.sk-szeged.hu\/index.php?rest_route=\/wp\/v2\/users\/3"}],"replies":[{"embeddable":true,"href":"http:\/\/konyvhetszeged2012.sk-szeged.hu\/index.php?rest_route=%2Fwp%2Fv2%2Fcomments&post=742"}],"version-history":[{"count":25,"href":"http:\/\/konyvhetszeged2012.sk-szeged.hu\/index.php?rest_route=\/wp\/v2\/posts\/742\/revisions"}],"predecessor-version":[{"id":1098,"href":"http:\/\/konyvhetszeged2012.sk-szeged.hu\/index.php?rest_route=\/wp\/v2\/posts\/742\/revisions\/1098"}],"wp:attachment":[{"href":"http:\/\/konyvhetszeged2012.sk-szeged.hu\/index.php?rest_route=%2Fwp%2Fv2%2Fmedia&parent=742"}],"wp:term":[{"taxonomy":"category","embeddable":true,"href":"http:\/\/konyvhetszeged2012.sk-szeged.hu\/index.php?rest_route=%2Fwp%2Fv2%2Fcategories&post=742"},{"taxonomy":"post_tag","embeddable":true,"href":"http:\/\/konyvhetszeged2012.sk-szeged.hu\/index.php?rest_route=%2Fwp%2Fv2%2Ftags&post=742"}],"curies":[{"name":"wp","href":"https:\/\/api.w.org\/{rel}","templated":true}]}}