{"id":700,"date":"2012-05-22T09:10:05","date_gmt":"2012-05-22T07:10:05","guid":{"rendered":"http:\/\/konyvhetszeged2012.sk-szeged.hu\/?p=700"},"modified":"2012-05-31T21:06:18","modified_gmt":"2012-05-31T19:06:18","slug":"enekelt-es-tancolt-mint-egy-szatir","status":"publish","type":"post","link":"http:\/\/konyvhetszeged2012.sk-szeged.hu\/?p=700","title":{"rendered":"\u201c\u00e9nekelt, \u00e9s t\u00e1ncolt mint egy szat\u00edr\u201d"},"content":{"rendered":"<p><a href=\"http:\/\/konyvhetszeged2012.sk-szeged.hu\/wp-content\/uploads\/2012\/05\/enekelt_tancolt.jpg\"><img loading=\"lazy\" decoding=\"async\" class=\"alignleft  wp-image-721\" title=\"enekelt_tancolt\" src=\"http:\/\/konyvhetszeged2012.sk-szeged.hu\/wp-content\/uploads\/2012\/05\/enekelt_tancolt-210x300.jpg\" alt=\"\" width=\"201\" height=\"287\" srcset=\"http:\/\/konyvhetszeged2012.sk-szeged.hu\/wp-content\/uploads\/2012\/05\/enekelt_tancolt-210x300.jpg 210w, http:\/\/konyvhetszeged2012.sk-szeged.hu\/wp-content\/uploads\/2012\/05\/enekelt_tancolt.jpg 250w\" sizes=\"auto, (max-width: 201px) 100vw, 201px\" \/><\/a><br \/>\nOrsz\u00e1gos Hajn\u00f3czy-konferencia 2011<br \/>\nSzerkeszt\u0151: <strong>Cserj\u00e9s Katalin<\/strong>, <strong>Nagy Tam\u00e1s<\/strong><br \/>\nA szerkeszt\u0151kkel \u00e9s a szerz\u0151kkel <strong>Urbanik T\u00edmea<\/strong> irodalomt\u00f6rt\u00e9n\u00e9sz besz\u00e9lget. <strong><\/strong><\/p>\n<blockquote><p>A Lectum Kiad\u00f3 gondoz\u00e1s\u00e1ban \u201c\u00e9nekelt, \u00e9s t\u00e1ncolt mint egy szat\u00edr\u201d c\u00edmmel jelenik meg a 2011-es Orsz\u00e1gos Hajn\u00f3czy-konferencia anyaga, amelyben helyet kapott Nemes Z. M\u00e1ri\u00f3 \u201eValamit, ami \u00e9l\u0151, organikus, \u00e1br\u00e1zolni k\u00e9ptelens\u00e9g.\u201d Hajn\u00f3czy P\u00e9ter nem-higi\u00e9nikus m\u0171v\u00e9szete c\u00edm\u0171 tanulm\u00e1nya, illetve Gaborj\u00e1k \u00c1d\u00e1m vele k\u00e9sz\u00edtett interj\u00faja is Hajn\u00f3czy P\u00e9ter ut\u00f3\u00e9let\u00e9r\u0151l a Hajn\u00f3czy h\u00e1ta? c\u00edm\u0171 blokkban.<\/p><\/blockquote>\n<ul>\n<li>Helysz\u00edn: Grand Caf\u00e9, amely ny\u00e1ri id\u0151szakban a V\u00e1rkertben (a M\u00f3ra Ferenc M\u00fazeum m\u00f6g\u00f6tt) v\u00e1rja l\u00e1togat\u00f3it<\/li>\n<li>Id\u0151pont: 2012. j\u00fanius 11. (h\u00e9tf\u0151) 17.00<\/li>\n<\/ul>\n<p>Kapcsol\u00f3d\u00f3 inform\u00e1ci\u00f3k:<br \/>\n<a href=\"http:\/\/www.hunlit.hu\/hajnoczypeter\" target=\"_blank\">Hajn\u00f3czy P\u00e9ter<\/a> (hunlit.hu)<\/p>\n","protected":false},"excerpt":{"rendered":"<p>Orsz\u00e1gos Hajn\u00f3czy-konferencia 2011 Szerkeszt\u0151: Cserj\u00e9s Katalin, Nagy Tam\u00e1s A szerkeszt\u0151kkel \u00e9s a szerz\u0151kkel Urbanik T\u00edmea irodalomt\u00f6rt\u00e9n\u00e9sz besz\u00e9lget. A Lectum Kiad\u00f3 gondoz\u00e1s\u00e1ban \u201c\u00e9nekelt, \u00e9s t\u00e1ncolt mint egy szat\u00edr\u201d c\u00edmmel jelenik meg a 2011-es Orsz\u00e1gos Hajn\u00f3czy-konferencia anyaga, amelyben helyet kapott Nemes Z. &hellip; <a href=\"http:\/\/konyvhetszeged2012.sk-szeged.hu\/?p=700\">Tov\u00e1bb <span class=\"meta-nav\">&rarr;<\/span><\/a><\/p>\n","protected":false},"author":2,"featured_media":0,"comment_status":"open","ping_status":"open","sticky":false,"template":"","format":"standard","meta":{"ngg_post_thumbnail":0,"footnotes":""},"categories":[301,38,293,396],"tags":[400,399],"class_list":["post-700","post","type-post","status-publish","format-standard","hentry","category-cserjes-katalin","category-grand-cafe","category-junius-11-hetfo","category-nagy-tamas","tag-hajnoczy-peter","tag-urbanik-timea"],"_links":{"self":[{"href":"http:\/\/konyvhetszeged2012.sk-szeged.hu\/index.php?rest_route=\/wp\/v2\/posts\/700","targetHints":{"allow":["GET"]}}],"collection":[{"href":"http:\/\/konyvhetszeged2012.sk-szeged.hu\/index.php?rest_route=\/wp\/v2\/posts"}],"about":[{"href":"http:\/\/konyvhetszeged2012.sk-szeged.hu\/index.php?rest_route=\/wp\/v2\/types\/post"}],"author":[{"embeddable":true,"href":"http:\/\/konyvhetszeged2012.sk-szeged.hu\/index.php?rest_route=\/wp\/v2\/users\/2"}],"replies":[{"embeddable":true,"href":"http:\/\/konyvhetszeged2012.sk-szeged.hu\/index.php?rest_route=%2Fwp%2Fv2%2Fcomments&post=700"}],"version-history":[{"count":7,"href":"http:\/\/konyvhetszeged2012.sk-szeged.hu\/index.php?rest_route=\/wp\/v2\/posts\/700\/revisions"}],"predecessor-version":[{"id":1203,"href":"http:\/\/konyvhetszeged2012.sk-szeged.hu\/index.php?rest_route=\/wp\/v2\/posts\/700\/revisions\/1203"}],"wp:attachment":[{"href":"http:\/\/konyvhetszeged2012.sk-szeged.hu\/index.php?rest_route=%2Fwp%2Fv2%2Fmedia&parent=700"}],"wp:term":[{"taxonomy":"category","embeddable":true,"href":"http:\/\/konyvhetszeged2012.sk-szeged.hu\/index.php?rest_route=%2Fwp%2Fv2%2Fcategories&post=700"},{"taxonomy":"post_tag","embeddable":true,"href":"http:\/\/konyvhetszeged2012.sk-szeged.hu\/index.php?rest_route=%2Fwp%2Fv2%2Ftags&post=700"}],"curies":[{"name":"wp","href":"https:\/\/api.w.org\/{rel}","templated":true}]}}