{"id":675,"date":"2012-05-22T09:30:22","date_gmt":"2012-05-22T07:30:22","guid":{"rendered":"http:\/\/konyvhetszeged2012.sk-szeged.hu\/?p=675"},"modified":"2012-06-12T09:44:20","modified_gmt":"2012-06-12T07:44:20","slug":"gyenes-kalman-fekete-feher","status":"publish","type":"post","link":"http:\/\/konyvhetszeged2012.sk-szeged.hu\/?p=675","title":{"rendered":"Gyenes K\u00e1lm\u00e1n: Fekete-feh\u00e9r"},"content":{"rendered":"<p><strong>Gyenes K\u00e1lm\u00e1n<\/strong>: Fekete-feh\u00e9r c\u00edm\u0171 k\u00f6nyv\u00e9nek bemutat\u00f3ja<br \/>\nA k\u00f6tetet bemutatja, \u00e9s az \u00edr\u00f3val besz\u00e9lget: <strong>Tandi Lajos<\/strong><\/p>\n<blockquote><p>1941-ben sz\u00fcletett K\u00f6vegy k\u00f6zs\u00e9gben. 1972-t\u00f31 rendszeresen r\u00e9szt vesz fot\u00f3p\u00e1ly\u00e1zatokon, m\u00e9g mint amat\u0151r fot\u00f3s. 1974-t\u00f3l k\u00fcls\u0151sk\u00e9nt fot\u00f3riporter a Csongr\u00e1d Megyei H\u00edrlap \u00e9s a D\u00e9lmagyarorsz\u00e1g napilapokn\u00e1l. 1975-t\u00f3l a D\u00c9L\u00c9P (D\u00e9lmagyarorsz\u00e1gi Magas- \u00e9s M\u00e9ly\u00e9p\u00edt\u0151 V\u00e1llalat) m\u0171szaki fot\u00f3sa. 1976-ban f\u00e9nyk\u00e9p\u00e9sz szakmunk\u00e1s-vizsg\u00e1t tesz. 1991-t\u00f3l a D\u00e9lmagyarorsz\u00e1g napilap hivatalos munkat\u00e1rsa. 2002-ben AFIAP fot\u00f3m\u0171v\u00e9sz. 2005: EMAFOSZ\/G Aranydiplom\u00e1s fot\u00f3m\u0171v\u00e9sz. Forr\u00e1s: <a href=\"http:\/\/galeria.pannoniahotel.com\/Kiallitas\/Archiv\/2005.08\/gyenes.htm\" target=\"_blank\">Pannonia Gal\u00e9ria<\/a><\/p><\/blockquote>\n<ul>\n<li>Helysz\u00edn: Somogyi-k\u00f6nyvt\u00e1r, 1. emeleti foly\u00f3iratolvas\u00f3 (D\u00f3m t\u00e9r 1-4.)<\/li>\n<li>Id\u0151pont: 2012. j\u00fanius 11. (h\u00e9tf\u0151) 16.30<\/li>\n<\/ul>\nngg_shortcode_0_placeholder\n","protected":false},"excerpt":{"rendered":"<p>Gyenes K\u00e1lm\u00e1n: Fekete-feh\u00e9r c\u00edm\u0171 k\u00f6nyv\u00e9nek bemutat\u00f3ja A k\u00f6tetet bemutatja, \u00e9s az \u00edr\u00f3val besz\u00e9lget: Tandi Lajos 1941-ben sz\u00fcletett K\u00f6vegy k\u00f6zs\u00e9gben. 1972-t\u00f31 rendszeresen r\u00e9szt vesz fot\u00f3p\u00e1ly\u00e1zatokon, m\u00e9g mint amat\u0151r fot\u00f3s. 1974-t\u00f3l k\u00fcls\u0151sk\u00e9nt fot\u00f3riporter a Csongr\u00e1d Megyei H\u00edrlap \u00e9s a D\u00e9lmagyarorsz\u00e1g napilapokn\u00e1l. 1975-t\u00f3l &hellip; <a href=\"http:\/\/konyvhetszeged2012.sk-szeged.hu\/?p=675\">Tov\u00e1bb <span class=\"meta-nav\">&rarr;<\/span><\/a><\/p>\n","protected":false},"author":3,"featured_media":0,"comment_status":"open","ping_status":"open","sticky":false,"template":"","format":"standard","meta":{"ngg_post_thumbnail":0,"footnotes":""},"categories":[390,319,293,26,43,99],"tags":[],"class_list":["post-675","post","type-post","status-publish","format-standard","hentry","category-gyenes-kalman","category-iro-olvaso-talalkozo","category-junius-11-hetfo","category-konyvbemutato","category-somogyi-konyvtar","category-tandi-lajos"],"_links":{"self":[{"href":"http:\/\/konyvhetszeged2012.sk-szeged.hu\/index.php?rest_route=\/wp\/v2\/posts\/675","targetHints":{"allow":["GET"]}}],"collection":[{"href":"http:\/\/konyvhetszeged2012.sk-szeged.hu\/index.php?rest_route=\/wp\/v2\/posts"}],"about":[{"href":"http:\/\/konyvhetszeged2012.sk-szeged.hu\/index.php?rest_route=\/wp\/v2\/types\/post"}],"author":[{"embeddable":true,"href":"http:\/\/konyvhetszeged2012.sk-szeged.hu\/index.php?rest_route=\/wp\/v2\/users\/3"}],"replies":[{"embeddable":true,"href":"http:\/\/konyvhetszeged2012.sk-szeged.hu\/index.php?rest_route=%2Fwp%2Fv2%2Fcomments&post=675"}],"version-history":[{"count":7,"href":"http:\/\/konyvhetszeged2012.sk-szeged.hu\/index.php?rest_route=\/wp\/v2\/posts\/675\/revisions"}],"predecessor-version":[{"id":1407,"href":"http:\/\/konyvhetszeged2012.sk-szeged.hu\/index.php?rest_route=\/wp\/v2\/posts\/675\/revisions\/1407"}],"wp:attachment":[{"href":"http:\/\/konyvhetszeged2012.sk-szeged.hu\/index.php?rest_route=%2Fwp%2Fv2%2Fmedia&parent=675"}],"wp:term":[{"taxonomy":"category","embeddable":true,"href":"http:\/\/konyvhetszeged2012.sk-szeged.hu\/index.php?rest_route=%2Fwp%2Fv2%2Fcategories&post=675"},{"taxonomy":"post_tag","embeddable":true,"href":"http:\/\/konyvhetszeged2012.sk-szeged.hu\/index.php?rest_route=%2Fwp%2Fv2%2Ftags&post=675"}],"curies":[{"name":"wp","href":"https:\/\/api.w.org\/{rel}","templated":true}]}}