{"id":592,"date":"2012-05-22T10:05:41","date_gmt":"2012-05-22T08:05:41","guid":{"rendered":"http:\/\/konyvhetszeged2012.sk-szeged.hu\/?p=592"},"modified":"2012-06-03T15:58:36","modified_gmt":"2012-06-03T13:58:36","slug":"a-hora-szinhaz-musora","status":"publish","type":"post","link":"http:\/\/konyvhetszeged2012.sk-szeged.hu\/?p=592","title":{"rendered":"A H\u00f3ra Sz\u00ednh\u00e1z m\u0171sora"},"content":{"rendered":"<p><a href=\"http:\/\/konyvhetszeged2012.sk-szeged.hu\/wp-content\/uploads\/2012\/05\/hora_szinhaz.jpg\"><img loading=\"lazy\" decoding=\"async\" class=\"alignleft size-medium wp-image-595\" title=\"hora_szinhaz\" src=\"http:\/\/konyvhetszeged2012.sk-szeged.hu\/wp-content\/uploads\/2012\/05\/hora_szinhaz-300x225.jpg\" alt=\"\" width=\"300\" height=\"225\" srcset=\"http:\/\/konyvhetszeged2012.sk-szeged.hu\/wp-content\/uploads\/2012\/05\/hora_szinhaz-300x225.jpg 300w, http:\/\/konyvhetszeged2012.sk-szeged.hu\/wp-content\/uploads\/2012\/05\/hora_szinhaz.jpg 500w\" sizes=\"auto, (max-width: 300px) 100vw, 300px\" \/><\/a><br \/>\n<strong>N\u00e9pek t\u00e1ncai<\/strong><\/p>\n<blockquote><p>A H\u00f3ra Sz\u00ednh\u00e1z &#8211; mint Szeged egyik jelent\u0151s kultur\u00e1lis \u00e9s m\u0171v\u00e9szeti szervezete &#8211; saj\u00e1t el\u0151ad\u00e1sok sz\u00ednpadra \u00e1ll\u00edt\u00e1s\u00e1val, tov\u00e1bb\u00e1 m\u0171v\u00e9szeti rendezv\u00e9nyek szervez\u00e9s\u00e9vel, lebonyol\u00edt\u00e1s\u00e1val foglalkozik. Tagjai olyan el\u0151ad\u00f3m\u0171v\u00e9szek \u00e9s sz\u00ednh\u00e1ztechnikai szakemberek, akik sokoldal\u00faan \u00e9s mindig magas sz\u00ednvonalon gyakorolj\u00e1k hivat\u00e1sukat.<br \/>\nA t\u00e1nckar minden \u00e9vben \u00faj m\u0171sorral lepi meg a k\u00f6z\u00f6ns\u00e9get. Az ut\u00f3bbiak k\u00f6z\u00fcl megeml\u00edthetj\u00fck a V\u00e1ltoz\u00e1sok, a Kult\u00far\u00e1k hat\u00e1rtalanul, valamint a legut\u00f3bbi gyermekel\u0151ad\u00e1sukat, a Hiszen, a gurul\u00f3 mad\u00e1r c\u00edm\u0171 m\u0171vet, amit Zal\u00e1n Tibor hasonl\u00f3 c\u00edm\u0171 k\u00f6nyve alapj\u00e1n \u00e1ll\u00edtanak sz\u00ednpadra. Leg\u00fajabb darabjuk a T\u00e1ncol\u00f3 Eur\u00f3pa a 27 uni\u00f3s tagorsz\u00e1g t\u00e1nc- \u00e9s zenei hagyom\u00e1nyaib\u00f3l ny\u00fajt \u00edzel\u00edt\u0151t.<br \/>\nA t\u00e1nckar, melynek ut\u00e1np\u00f3tl\u00e1s b\u00e1zisa is jelent\u0151s \u2013 mintegy 150 gyerek \u2013 tanul\u00f3 \u00e9s dolgoz\u00f3 fiatalokb\u00f3l \u00e1ll. Sz\u00e1mos hazai \u00e9s k\u00fclf\u00f6ldi fesztiv\u00e1lon vettek r\u00e9szt sikerrel.<\/p><\/blockquote>\n<ul>\n<li>Helysz\u00edn: Re\u00f6k-palota el\u0151tti t\u00e9r (Tisza Lajos krt. 56.)<\/li>\n<li>Id\u0151pont: 2012. j\u00fanius 10. (vas\u00e1rnap) 18.00<\/li>\n<\/ul>\n<p>Kapcsol\u00f3d\u00f3 inform\u00e1ci\u00f3k:<\/p>\n<p><a href=\"http:\/\/horaszinhaz.hu\/\" target=\"_blank\">A H\u00f3ra Sz\u00ednh\u00e1z honlapja<\/a><\/p>\n","protected":false},"excerpt":{"rendered":"<p>N\u00e9pek t\u00e1ncai A H\u00f3ra Sz\u00ednh\u00e1z &#8211; mint Szeged egyik jelent\u0151s kultur\u00e1lis \u00e9s m\u0171v\u00e9szeti szervezete &#8211; saj\u00e1t el\u0151ad\u00e1sok sz\u00ednpadra \u00e1ll\u00edt\u00e1s\u00e1val, tov\u00e1bb\u00e1 m\u0171v\u00e9szeti rendezv\u00e9nyek szervez\u00e9s\u00e9vel, lebonyol\u00edt\u00e1s\u00e1val foglalkozik. Tagjai olyan el\u0151ad\u00f3m\u0171v\u00e9szek \u00e9s sz\u00ednh\u00e1ztechnikai szakemberek, akik sokoldal\u00faan \u00e9s mindig magas sz\u00ednvonalon gyakorolj\u00e1k hivat\u00e1sukat. A &hellip; <a href=\"http:\/\/konyvhetszeged2012.sk-szeged.hu\/?p=592\">Tov\u00e1bb <span class=\"meta-nav\">&rarr;<\/span><\/a><\/p>\n","protected":false},"author":3,"featured_media":0,"comment_status":"open","ping_status":"open","sticky":false,"template":"","format":"standard","meta":{"ngg_post_thumbnail":0,"footnotes":""},"categories":[292,265,30,31],"tags":[231],"class_list":["post-592","post","type-post","status-publish","format-standard","hentry","category-junius-10-vasarnap","category-reok-palota-elotti-ter","category-tancos-eloadas","category-zenei-eloadas","tag-hora-szinhaz"],"_links":{"self":[{"href":"http:\/\/konyvhetszeged2012.sk-szeged.hu\/index.php?rest_route=\/wp\/v2\/posts\/592","targetHints":{"allow":["GET"]}}],"collection":[{"href":"http:\/\/konyvhetszeged2012.sk-szeged.hu\/index.php?rest_route=\/wp\/v2\/posts"}],"about":[{"href":"http:\/\/konyvhetszeged2012.sk-szeged.hu\/index.php?rest_route=\/wp\/v2\/types\/post"}],"author":[{"embeddable":true,"href":"http:\/\/konyvhetszeged2012.sk-szeged.hu\/index.php?rest_route=\/wp\/v2\/users\/3"}],"replies":[{"embeddable":true,"href":"http:\/\/konyvhetszeged2012.sk-szeged.hu\/index.php?rest_route=%2Fwp%2Fv2%2Fcomments&post=592"}],"version-history":[{"count":6,"href":"http:\/\/konyvhetszeged2012.sk-szeged.hu\/index.php?rest_route=\/wp\/v2\/posts\/592\/revisions"}],"predecessor-version":[{"id":1276,"href":"http:\/\/konyvhetszeged2012.sk-szeged.hu\/index.php?rest_route=\/wp\/v2\/posts\/592\/revisions\/1276"}],"wp:attachment":[{"href":"http:\/\/konyvhetszeged2012.sk-szeged.hu\/index.php?rest_route=%2Fwp%2Fv2%2Fmedia&parent=592"}],"wp:term":[{"taxonomy":"category","embeddable":true,"href":"http:\/\/konyvhetszeged2012.sk-szeged.hu\/index.php?rest_route=%2Fwp%2Fv2%2Fcategories&post=592"},{"taxonomy":"post_tag","embeddable":true,"href":"http:\/\/konyvhetszeged2012.sk-szeged.hu\/index.php?rest_route=%2Fwp%2Fv2%2Ftags&post=592"}],"curies":[{"name":"wp","href":"https:\/\/api.w.org\/{rel}","templated":true}]}}