{"id":533,"date":"2012-05-22T10:35:26","date_gmt":"2012-05-22T08:35:26","guid":{"rendered":"http:\/\/konyvhetszeged2012.sk-szeged.hu\/?p=533"},"modified":"2012-05-30T20:56:32","modified_gmt":"2012-05-30T18:56:32","slug":"szegedi-irok-napja","status":"publish","type":"post","link":"http:\/\/konyvhetszeged2012.sk-szeged.hu\/?p=533","title":{"rendered":"Szegedi \u00cdr\u00f3k Napja"},"content":{"rendered":"<p><a href=\"http:\/\/konyvhetszeged2012.sk-szeged.hu\/wp-content\/uploads\/2012\/05\/szegedi_irok.jpg\"><img loading=\"lazy\" decoding=\"async\" class=\"alignleft  wp-image-535\" title=\"szegedi_irok\" src=\"http:\/\/konyvhetszeged2012.sk-szeged.hu\/wp-content\/uploads\/2012\/05\/szegedi_irok.jpg\" alt=\"\" width=\"263\" height=\"190\" \/><\/a><br \/>\nD\u00e9lel\u0151tti besz\u00e9lget\u00e9s \u00e9s k\u00e1v\u00e9z\u00e1s szegedi \u00edr\u00f3kkal, k\u00f6lt\u0151kkel<\/p>\n<p>\u201eGy\u00fcttm\u00f6ntek\u201d &#8211; <strong>Bene Zolt\u00e1n<\/strong>, <strong>Horv\u00e1th Dezs\u0151<\/strong>, <strong>Horv\u00e1th P\u00e9ter<\/strong>, <strong>S\u00e1ndor J\u00e1nos<\/strong>, <strong>P\u00e1sty J\u00falia<\/strong><br \/>\nBesz\u00e9lget\u0151t\u00e1rs: <strong>Veszelka Attila<\/strong>, a Szegedi \u00cdr\u00f3k T\u00e1rsas\u00e1g\u00e1nak eln\u00f6ke<\/p>\n<p>Legyen egy k\u00e1v\u00e9ra a vend\u00e9g\u00fcnk! A k\u00e1v\u00e9t az <strong>EUROCAF<\/strong> biztos\u00edtja.<\/p>\n<ul>\n<li>Helysz\u00edn: Re\u00f6k-palota el\u0151tti t\u00e9r (Tisza Lajos krt. 56.)<\/li>\n<li>Id\u0151pont: 2012. j\u00fanius 10. (vas\u00e1rnap) 10.30<\/li>\n<\/ul>\n<p>Kapcsol\u00f3d\u00f3 inform\u00e1ci\u00f3k:<br \/>\n<a href=\"http:\/\/szit.atw.hu\/\" target=\"_blank\">A\u00a0Szegedi \u00cdr\u00f3k T\u00e1rsas\u00e1g\u00e1nak honlapja<\/a><\/p>\n","protected":false},"excerpt":{"rendered":"<p>D\u00e9lel\u0151tti besz\u00e9lget\u00e9s \u00e9s k\u00e1v\u00e9z\u00e1s szegedi \u00edr\u00f3kkal, k\u00f6lt\u0151kkel \u201eGy\u00fcttm\u00f6ntek\u201d &#8211; Bene Zolt\u00e1n, Horv\u00e1th Dezs\u0151, Horv\u00e1th P\u00e9ter, S\u00e1ndor J\u00e1nos, P\u00e1sty J\u00falia Besz\u00e9lget\u0151t\u00e1rs: Veszelka Attila, a Szegedi \u00cdr\u00f3k T\u00e1rsas\u00e1g\u00e1nak eln\u00f6ke Legyen egy k\u00e1v\u00e9ra a vend\u00e9g\u00fcnk! A k\u00e1v\u00e9t az EUROCAF biztos\u00edtja. Helysz\u00edn: Re\u00f6k-palota el\u0151tti &hellip; <a href=\"http:\/\/konyvhetszeged2012.sk-szeged.hu\/?p=533\">Tov\u00e1bb <span class=\"meta-nav\">&rarr;<\/span><\/a><\/p>\n","protected":false},"author":2,"featured_media":0,"comment_status":"open","ping_status":"open","sticky":false,"template":"","format":"standard","meta":{"ngg_post_thumbnail":0,"footnotes":""},"categories":[88,377,378,319,292,176,265,374,76],"tags":[379],"class_list":["post-533","post","type-post","status-publish","format-standard","hentry","category-bene-zoltan","category-horvath-dezso","category-horvath-peter","category-iro-olvaso-talalkozo","category-junius-10-vasarnap","category-pasty-julia","category-reok-palota-elotti-ter","category-sandor-janos","category-veszelka-attila","tag-szegedi-irok-tarsasaga"],"_links":{"self":[{"href":"http:\/\/konyvhetszeged2012.sk-szeged.hu\/index.php?rest_route=\/wp\/v2\/posts\/533","targetHints":{"allow":["GET"]}}],"collection":[{"href":"http:\/\/konyvhetszeged2012.sk-szeged.hu\/index.php?rest_route=\/wp\/v2\/posts"}],"about":[{"href":"http:\/\/konyvhetszeged2012.sk-szeged.hu\/index.php?rest_route=\/wp\/v2\/types\/post"}],"author":[{"embeddable":true,"href":"http:\/\/konyvhetszeged2012.sk-szeged.hu\/index.php?rest_route=\/wp\/v2\/users\/2"}],"replies":[{"embeddable":true,"href":"http:\/\/konyvhetszeged2012.sk-szeged.hu\/index.php?rest_route=%2Fwp%2Fv2%2Fcomments&post=533"}],"version-history":[{"count":5,"href":"http:\/\/konyvhetszeged2012.sk-szeged.hu\/index.php?rest_route=\/wp\/v2\/posts\/533\/revisions"}],"predecessor-version":[{"id":1061,"href":"http:\/\/konyvhetszeged2012.sk-szeged.hu\/index.php?rest_route=\/wp\/v2\/posts\/533\/revisions\/1061"}],"wp:attachment":[{"href":"http:\/\/konyvhetszeged2012.sk-szeged.hu\/index.php?rest_route=%2Fwp%2Fv2%2Fmedia&parent=533"}],"wp:term":[{"taxonomy":"category","embeddable":true,"href":"http:\/\/konyvhetszeged2012.sk-szeged.hu\/index.php?rest_route=%2Fwp%2Fv2%2Fcategories&post=533"},{"taxonomy":"post_tag","embeddable":true,"href":"http:\/\/konyvhetszeged2012.sk-szeged.hu\/index.php?rest_route=%2Fwp%2Fv2%2Ftags&post=533"}],"curies":[{"name":"wp","href":"https:\/\/api.w.org\/{rel}","templated":true}]}}