{"id":503,"date":"2012-05-22T11:10:52","date_gmt":"2012-05-22T09:10:52","guid":{"rendered":"http:\/\/konyvhetszeged2012.sk-szeged.hu\/?p=503"},"modified":"2012-05-30T20:39:31","modified_gmt":"2012-05-30T18:39:31","slug":"papp-andrea-ketszaz-felperces","status":"publish","type":"post","link":"http:\/\/konyvhetszeged2012.sk-szeged.hu\/?p=503","title":{"rendered":"Papp Andrea: K\u00e9tsz\u00e1z f\u00e9lperces"},"content":{"rendered":"<p><strong><a href=\"http:\/\/konyvhetszeged2012.sk-szeged.hu\/wp-content\/uploads\/2012\/05\/papp_andrea_ketszaz_felperces.jpg\"><img loading=\"lazy\" decoding=\"async\" class=\"alignleft size-medium wp-image-504\" title=\"papp_andrea_ketszaz_felperces\" src=\"http:\/\/konyvhetszeged2012.sk-szeged.hu\/wp-content\/uploads\/2012\/05\/papp_andrea_ketszaz_felperces-179x300.jpg\" alt=\"\" width=\"179\" height=\"300\" srcset=\"http:\/\/konyvhetszeged2012.sk-szeged.hu\/wp-content\/uploads\/2012\/05\/papp_andrea_ketszaz_felperces-179x300.jpg 179w, http:\/\/konyvhetszeged2012.sk-szeged.hu\/wp-content\/uploads\/2012\/05\/papp_andrea_ketszaz_felperces.jpg 299w\" sizes=\"auto, (max-width: 179px) 100vw, 179px\" \/><\/a><\/strong><\/p>\n<p><strong>Papp Andrea<\/strong>: K\u00e9tsz\u00e1z f\u00e9lperces c\u00edm\u0171 k\u00f6nyv\u00e9nek bemutat\u00f3ja (B\u00e1ba Kiad\u00f3)<\/p>\n<blockquote><p>Sz\u00e1z \u00e9ve sz\u00fcletett a XX. sz\u00e1zadi magyar pr\u00f3za egyik legkiv\u00e1l\u00f3bb alakja, a saj\u00e1tos m\u0171fajt \u00e9s vil\u00e1gszeml\u00e9letet teremt\u0151 mester, a groteszk egypercesek sz\u00fcl\u0151atyja, \u00d6rk\u00e9ny Istv\u00e1n.<br \/>\nA tisztel\u0151 ut\u00f3d, Papp Andrea f\u00e9lperceseket \u00edr.<br \/>\nK\u00e9tsz\u00e1z f\u00e9lperces egy k\u00f6tetben. Kalapemel\u00e9s \u00e9s tisztelg\u00e9s az \u00f6rk\u00e9nyi \u00e9letm\u0171 el\u0151tt. S persze rem\u00e9ny is, hogy iskolai sz\u00fcnetben, a buszon k\u00e9t meg\u00e1ll\u00f3 k\u00f6z\u00f6tt, vagy a piros l\u00e1mp\u00e1n\u00e1l v\u00e1rakozva akad f\u00e9l perc\u00fcnk olvas\u00e1sra.<\/p><\/blockquote>\n<ul>\n<li>Helysz\u00edn: Bibliot\u00e9ka Egyes\u00fclet K\u00f6nyvt\u00e1ra (K\u00e1lv\u00e1ria sgt. 14.)<\/li>\n<li>Id\u0151pont: 2012. j\u00fanius 9. (szombat) 16.00<\/li>\n<\/ul>\n","protected":false},"excerpt":{"rendered":"<p>Papp Andrea: K\u00e9tsz\u00e1z f\u00e9lperces c\u00edm\u0171 k\u00f6nyv\u00e9nek bemutat\u00f3ja (B\u00e1ba Kiad\u00f3) Sz\u00e1z \u00e9ve sz\u00fcletett a XX. sz\u00e1zadi magyar pr\u00f3za egyik legkiv\u00e1l\u00f3bb alakja, a saj\u00e1tos m\u0171fajt \u00e9s vil\u00e1gszeml\u00e9letet teremt\u0151 mester, a groteszk egypercesek sz\u00fcl\u0151atyja, \u00d6rk\u00e9ny Istv\u00e1n. A tisztel\u0151 ut\u00f3d, Papp Andrea f\u00e9lperceseket \u00edr. &hellip; <a href=\"http:\/\/konyvhetszeged2012.sk-szeged.hu\/?p=503\">Tov\u00e1bb <span class=\"meta-nav\">&rarr;<\/span><\/a><\/p>\n","protected":false},"author":3,"featured_media":0,"comment_status":"open","ping_status":"open","sticky":false,"template":"","format":"standard","meta":{"ngg_post_thumbnail":0,"footnotes":""},"categories":[246,274,319,271,26,375],"tags":[],"class_list":["post-503","post","type-post","status-publish","format-standard","hentry","category-baba-kiado","category-biblioteka-egyesulet-konyvtara","category-iro-olvaso-talalkozo","category-junius-9-szombat","category-konyvbemutato","category-papp-andrea"],"_links":{"self":[{"href":"http:\/\/konyvhetszeged2012.sk-szeged.hu\/index.php?rest_route=\/wp\/v2\/posts\/503","targetHints":{"allow":["GET"]}}],"collection":[{"href":"http:\/\/konyvhetszeged2012.sk-szeged.hu\/index.php?rest_route=\/wp\/v2\/posts"}],"about":[{"href":"http:\/\/konyvhetszeged2012.sk-szeged.hu\/index.php?rest_route=\/wp\/v2\/types\/post"}],"author":[{"embeddable":true,"href":"http:\/\/konyvhetszeged2012.sk-szeged.hu\/index.php?rest_route=\/wp\/v2\/users\/3"}],"replies":[{"embeddable":true,"href":"http:\/\/konyvhetszeged2012.sk-szeged.hu\/index.php?rest_route=%2Fwp%2Fv2%2Fcomments&post=503"}],"version-history":[{"count":4,"href":"http:\/\/konyvhetszeged2012.sk-szeged.hu\/index.php?rest_route=\/wp\/v2\/posts\/503\/revisions"}],"predecessor-version":[{"id":1047,"href":"http:\/\/konyvhetszeged2012.sk-szeged.hu\/index.php?rest_route=\/wp\/v2\/posts\/503\/revisions\/1047"}],"wp:attachment":[{"href":"http:\/\/konyvhetszeged2012.sk-szeged.hu\/index.php?rest_route=%2Fwp%2Fv2%2Fmedia&parent=503"}],"wp:term":[{"taxonomy":"category","embeddable":true,"href":"http:\/\/konyvhetszeged2012.sk-szeged.hu\/index.php?rest_route=%2Fwp%2Fv2%2Fcategories&post=503"},{"taxonomy":"post_tag","embeddable":true,"href":"http:\/\/konyvhetszeged2012.sk-szeged.hu\/index.php?rest_route=%2Fwp%2Fv2%2Ftags&post=503"}],"curies":[{"name":"wp","href":"https:\/\/api.w.org\/{rel}","templated":true}]}}