{"id":476,"date":"2012-05-22T11:40:48","date_gmt":"2012-05-22T09:40:48","guid":{"rendered":"http:\/\/konyvhetszeged2012.sk-szeged.hu\/?p=476"},"modified":"2012-06-13T14:01:01","modified_gmt":"2012-06-13T12:01:01","slug":"vendegunk-szabo-t-anna","status":"publish","type":"post","link":"http:\/\/konyvhetszeged2012.sk-szeged.hu\/?p=476","title":{"rendered":"Vend\u00e9g\u00fcnk Szab\u00f3 T. Anna"},"content":{"rendered":"<p><a href=\"http:\/\/konyvhetszeged2012.sk-szeged.hu\/wp-content\/uploads\/2012\/05\/szabo_t_anna.jpg\"><img loading=\"lazy\" decoding=\"async\" class=\"alignleft size-medium wp-image-477\" title=\"szabo_t_anna\" src=\"http:\/\/konyvhetszeged2012.sk-szeged.hu\/wp-content\/uploads\/2012\/05\/szabo_t_anna-225x300.jpg\" alt=\"\" width=\"225\" height=\"300\" srcset=\"http:\/\/konyvhetszeged2012.sk-szeged.hu\/wp-content\/uploads\/2012\/05\/szabo_t_anna-225x300.jpg 225w, http:\/\/konyvhetszeged2012.sk-szeged.hu\/wp-content\/uploads\/2012\/05\/szabo_t_anna.jpg 490w\" sizes=\"auto, (max-width: 225px) 100vw, 225px\" \/><\/a><\/p>\n<p>A mes\u00e9s csal\u00e1di d\u00e9lel\u0151tt vend\u00e9ge <strong>Szab\u00f3 T. Anna<\/strong><\/p>\n<blockquote><p>&#8222;Ne sz\u00f6sz\u00f6lj\u00fcnk: nemezelj\u00fcnk! \/ Nemezk\u00e9pet remekelj\u00fcnk. \/ J\u00f3 a kedv \u00e9s j\u00f3 a sz\u00e1nd\u00e9k: \/ nemezb\u0151l lesz j\u00f3 aj\u00e1nd\u00e9k.&#8221; &#8211; Szab\u00f3 T. Anna Tatoktatok c\u00edm\u0171 gyerekverseket tartalmaz\u00f3 \u00faj k\u00f6nyve a k\u00f6nyvfesztiv\u00e1lra jelent meg a Magvet\u0151 Kiad\u00f3n\u00e1l.<\/p><\/blockquote>\n<ul>\n<li>Helysz\u00edn: Somogyi-k\u00f6nyvt\u00e1r, Gyermekk\u00f6nyvt\u00e1r (D\u00f3m t\u00e9r 1-4.)<\/li>\n<li>Id\u0151pont: 2012. j\u00fanius 9. (szombat) 10.30<\/li>\n<\/ul>\nngg_shortcode_0_placeholder\n<p>Kapcsol\u00f3d\u00f3 inform\u00e1ci\u00f3k:<\/p>\n<p><a href=\"http:\/\/szabotanna.com\/\" target=\"_blank\">Szab\u00f3 T. Anna honlapja<\/a><\/p>\n<p><object width=\"420\" height=\"315\" classid=\"clsid:d27cdb6e-ae6d-11cf-96b8-444553540000\" codebase=\"http:\/\/download.macromedia.com\/pub\/shockwave\/cabs\/flash\/swflash.cab#version=6,0,40,0\"><param name=\"allowFullScreen\" value=\"true\" \/><param name=\"allowscriptaccess\" value=\"always\" \/><param name=\"src\" value=\"http:\/\/www.youtube.com\/v\/iBTB8uDd87c?version=3&amp;hl=hu_HU\" \/><param name=\"allowfullscreen\" value=\"true\" \/><embed width=\"420\" height=\"315\" type=\"application\/x-shockwave-flash\" src=\"http:\/\/www.youtube.com\/v\/iBTB8uDd87c?version=3&amp;hl=hu_HU\" allowFullScreen=\"true\" allowscriptaccess=\"always\" allowfullscreen=\"true\" \/><\/object><\/p>\n","protected":false},"excerpt":{"rendered":"<p>A mes\u00e9s csal\u00e1di d\u00e9lel\u0151tt vend\u00e9ge Szab\u00f3 T. Anna &#8222;Ne sz\u00f6sz\u00f6lj\u00fcnk: nemezelj\u00fcnk! \/ Nemezk\u00e9pet remekelj\u00fcnk. \/ J\u00f3 a kedv \u00e9s j\u00f3 a sz\u00e1nd\u00e9k: \/ nemezb\u0151l lesz j\u00f3 aj\u00e1nd\u00e9k.&#8221; &#8211; Szab\u00f3 T. Anna Tatoktatok c\u00edm\u0171 gyerekverseket tartalmaz\u00f3 \u00faj k\u00f6nyve a k\u00f6nyvfesztiv\u00e1lra jelent &hellip; <a href=\"http:\/\/konyvhetszeged2012.sk-szeged.hu\/?p=476\">Tov\u00e1bb <span class=\"meta-nav\">&rarr;<\/span><\/a><\/p>\n","protected":false},"author":3,"featured_media":0,"comment_status":"open","ping_status":"open","sticky":false,"template":"","format":"standard","meta":{"ngg_post_thumbnail":0,"footnotes":""},"categories":[186,319,271,250,43,369],"tags":[],"class_list":["post-476","post","type-post","status-publish","format-standard","hentry","category-gyerekprogramok","category-iro-olvaso-talalkozo","category-junius-9-szombat","category-magveto-kiado","category-somogyi-konyvtar","category-szabo-t-anna"],"_links":{"self":[{"href":"http:\/\/konyvhetszeged2012.sk-szeged.hu\/index.php?rest_route=\/wp\/v2\/posts\/476","targetHints":{"allow":["GET"]}}],"collection":[{"href":"http:\/\/konyvhetszeged2012.sk-szeged.hu\/index.php?rest_route=\/wp\/v2\/posts"}],"about":[{"href":"http:\/\/konyvhetszeged2012.sk-szeged.hu\/index.php?rest_route=\/wp\/v2\/types\/post"}],"author":[{"embeddable":true,"href":"http:\/\/konyvhetszeged2012.sk-szeged.hu\/index.php?rest_route=\/wp\/v2\/users\/3"}],"replies":[{"embeddable":true,"href":"http:\/\/konyvhetszeged2012.sk-szeged.hu\/index.php?rest_route=%2Fwp%2Fv2%2Fcomments&post=476"}],"version-history":[{"count":7,"href":"http:\/\/konyvhetszeged2012.sk-szeged.hu\/index.php?rest_route=\/wp\/v2\/posts\/476\/revisions"}],"predecessor-version":[{"id":1412,"href":"http:\/\/konyvhetszeged2012.sk-szeged.hu\/index.php?rest_route=\/wp\/v2\/posts\/476\/revisions\/1412"}],"wp:attachment":[{"href":"http:\/\/konyvhetszeged2012.sk-szeged.hu\/index.php?rest_route=%2Fwp%2Fv2%2Fmedia&parent=476"}],"wp:term":[{"taxonomy":"category","embeddable":true,"href":"http:\/\/konyvhetszeged2012.sk-szeged.hu\/index.php?rest_route=%2Fwp%2Fv2%2Fcategories&post=476"},{"taxonomy":"post_tag","embeddable":true,"href":"http:\/\/konyvhetszeged2012.sk-szeged.hu\/index.php?rest_route=%2Fwp%2Fv2%2Ftags&post=476"}],"curies":[{"name":"wp","href":"https:\/\/api.w.org\/{rel}","templated":true}]}}