{"id":468,"date":"2012-05-22T11:45:39","date_gmt":"2012-05-22T09:45:39","guid":{"rendered":"http:\/\/konyvhetszeged2012.sk-szeged.hu\/?p=468"},"modified":"2012-06-05T16:10:50","modified_gmt":"2012-06-05T14:10:50","slug":"focizz-es-olvass-velunk","status":"publish","type":"post","link":"http:\/\/konyvhetszeged2012.sk-szeged.hu\/?p=468","title":{"rendered":"Focizz \u00e9s olvass vel\u00fcnk!"},"content":{"rendered":"<p><a href=\"http:\/\/konyvhetszeged2012.sk-szeged.hu\/wp-content\/uploads\/2012\/05\/karman_tibor_egy_focista.jpg\"><img loading=\"lazy\" decoding=\"async\" class=\"alignleft size-medium wp-image-470\" title=\"karman_tibor_egy_focista\" src=\"http:\/\/konyvhetszeged2012.sk-szeged.hu\/wp-content\/uploads\/2012\/05\/karman_tibor_egy_focista-210x300.jpg\" alt=\"\" width=\"210\" height=\"300\" srcset=\"http:\/\/konyvhetszeged2012.sk-szeged.hu\/wp-content\/uploads\/2012\/05\/karman_tibor_egy_focista-210x300.jpg 210w, http:\/\/konyvhetszeged2012.sk-szeged.hu\/wp-content\/uploads\/2012\/05\/karman_tibor_egy_focista.jpg 281w\" sizes=\"auto, (max-width: 210px) 100vw, 210px\" \/><\/a><\/p>\n<p>Az <strong>Egy focista napl\u00f3j\u00e1b\u00f3l<\/strong> c\u00edm\u0171 ifj\u00fas\u00e1gi reg\u00e9ny bemutat\u00f3ja &#8211; a szerz\u0151vel, <strong>K\u00e1rm\u00e1n Tibor<\/strong> fociedz\u0151vel besz\u00e9lget <strong>S\u00fcli R\u00f3bert<\/strong>, a D\u00e9lmagyarorsz\u00e1g c\u00edm\u0171 napilap sport\u00fajs\u00e1g\u00edr\u00f3ja.<br \/>\nA besz\u00e9lget\u00e9s k\u00f6zben dek\u00e1z\u00f3 versenyen vehetnek r\u00e9szt az \u00fcgyesek \u00e9s b\u00e1trak, s a verseny gy\u0151ztese k\u00f6nyvet nyer!<\/p>\n<blockquote><p>Diny\u00f3 \u00e9s bar\u00e1tai szeretnek focizni. Egy nap egy lelk\u00e9sz \u00e9rkezik a faluba, \u00e9s ez sok mindent megv\u00e1ltoztat a fi\u00fak \u00e9let\u00e9ben. Ifj\u00fas\u00e1gi reg\u00e9ny napl\u00f3form\u00e1ban focir\u00f3l, bar\u00e1ts\u00e1gr\u00f3l, emberi \u00e9rt\u00e9kekr\u0151l, Istenr\u0151l. Baranyai (B) Andr\u00e1s illusztr\u00e1ci\u00f3ival.<\/p><\/blockquote>\n<ul>\n<li>Helysz\u00edn: a Re\u00f6k-palota el\u0151tti t\u00e9r (Tisza Lajos krt. 56.)<\/li>\n<li>Id\u0151pont: 2012. j\u00fanius 9. (szombat) 11.30<\/li>\n<\/ul>\n<p>Kapcsol\u00f3d\u00f3 inform\u00e1ci\u00f3k:<br \/>\n<object width=\"560\" height=\"315\" classid=\"clsid:d27cdb6e-ae6d-11cf-96b8-444553540000\" codebase=\"http:\/\/download.macromedia.com\/pub\/shockwave\/cabs\/flash\/swflash.cab#version=6,0,40,0\"><param name=\"allowFullScreen\" value=\"true\" \/><param name=\"allowscriptaccess\" value=\"always\" \/><param name=\"src\" value=\"http:\/\/www.youtube.com\/v\/EzjFMazuHto?version=3&amp;hl=hu_HU\" \/><param name=\"allowfullscreen\" value=\"true\" \/><embed width=\"560\" height=\"315\" type=\"application\/x-shockwave-flash\" src=\"http:\/\/www.youtube.com\/v\/EzjFMazuHto?version=3&amp;hl=hu_HU\" allowFullScreen=\"true\" allowscriptaccess=\"always\" allowfullscreen=\"true\" \/><\/object><\/p>\n","protected":false},"excerpt":{"rendered":"<p>Az Egy focista napl\u00f3j\u00e1b\u00f3l c\u00edm\u0171 ifj\u00fas\u00e1gi reg\u00e9ny bemutat\u00f3ja &#8211; a szerz\u0151vel, K\u00e1rm\u00e1n Tibor fociedz\u0151vel besz\u00e9lget S\u00fcli R\u00f3bert, a D\u00e9lmagyarorsz\u00e1g c\u00edm\u0171 napilap sport\u00fajs\u00e1g\u00edr\u00f3ja. A besz\u00e9lget\u00e9s k\u00f6zben dek\u00e1z\u00f3 versenyen vehetnek r\u00e9szt az \u00fcgyesek \u00e9s b\u00e1trak, s a verseny gy\u0151ztese k\u00f6nyvet nyer! Diny\u00f3 &hellip; <a href=\"http:\/\/konyvhetszeged2012.sk-szeged.hu\/?p=468\">Tov\u00e1bb <span class=\"meta-nav\">&rarr;<\/span><\/a><\/p>\n","protected":false},"author":3,"featured_media":0,"comment_status":"open","ping_status":"open","sticky":false,"template":"","format":"standard","meta":{"ngg_post_thumbnail":0,"footnotes":""},"categories":[319,271,365,26,265],"tags":[366],"class_list":["post-468","post","type-post","status-publish","format-standard","hentry","category-iro-olvaso-talalkozo","category-junius-9-szombat","category-karman-tibor","category-konyvbemutato","category-reok-palota-elotti-ter","tag-suli-robert"],"_links":{"self":[{"href":"http:\/\/konyvhetszeged2012.sk-szeged.hu\/index.php?rest_route=\/wp\/v2\/posts\/468","targetHints":{"allow":["GET"]}}],"collection":[{"href":"http:\/\/konyvhetszeged2012.sk-szeged.hu\/index.php?rest_route=\/wp\/v2\/posts"}],"about":[{"href":"http:\/\/konyvhetszeged2012.sk-szeged.hu\/index.php?rest_route=\/wp\/v2\/types\/post"}],"author":[{"embeddable":true,"href":"http:\/\/konyvhetszeged2012.sk-szeged.hu\/index.php?rest_route=\/wp\/v2\/users\/3"}],"replies":[{"embeddable":true,"href":"http:\/\/konyvhetszeged2012.sk-szeged.hu\/index.php?rest_route=%2Fwp%2Fv2%2Fcomments&post=468"}],"version-history":[{"count":9,"href":"http:\/\/konyvhetszeged2012.sk-szeged.hu\/index.php?rest_route=\/wp\/v2\/posts\/468\/revisions"}],"predecessor-version":[{"id":1032,"href":"http:\/\/konyvhetszeged2012.sk-szeged.hu\/index.php?rest_route=\/wp\/v2\/posts\/468\/revisions\/1032"}],"wp:attachment":[{"href":"http:\/\/konyvhetszeged2012.sk-szeged.hu\/index.php?rest_route=%2Fwp%2Fv2%2Fmedia&parent=468"}],"wp:term":[{"taxonomy":"category","embeddable":true,"href":"http:\/\/konyvhetszeged2012.sk-szeged.hu\/index.php?rest_route=%2Fwp%2Fv2%2Fcategories&post=468"},{"taxonomy":"post_tag","embeddable":true,"href":"http:\/\/konyvhetszeged2012.sk-szeged.hu\/index.php?rest_route=%2Fwp%2Fv2%2Ftags&post=468"}],"curies":[{"name":"wp","href":"https:\/\/api.w.org\/{rel}","templated":true}]}}