{"id":414,"date":"2012-05-22T12:30:58","date_gmt":"2012-05-22T10:30:58","guid":{"rendered":"http:\/\/konyvhetszeged2012.sk-szeged.hu\/?p=414"},"modified":"2012-06-01T17:19:32","modified_gmt":"2012-06-01T15:19:32","slug":"szeged-effekt-2-2","status":"publish","type":"post","link":"http:\/\/konyvhetszeged2012.sk-szeged.hu\/?p=414","title":{"rendered":"Szeged effekt 2"},"content":{"rendered":"<p><a href=\"http:\/\/konyvhetszeged2012.sk-szeged.hu\/wp-content\/uploads\/2012\/05\/szeged_effekt2.jpg\"><img loading=\"lazy\" decoding=\"async\" class=\"alignleft size-medium wp-image-362\" title=\"szeged_effekt2\" src=\"http:\/\/konyvhetszeged2012.sk-szeged.hu\/wp-content\/uploads\/2012\/05\/szeged_effekt2-182x300.jpg\" alt=\"\" width=\"182\" height=\"300\" \/><\/a><\/p>\n<p>Az antol\u00f3gia bemutat\u00f3ja (Arei\u00f3n Kultur\u00e1lis K\u00f6zhaszn\u00fa Egyes\u00fclet)<br \/>\nModer\u00e1tor: <strong>Kisimre Ferenc<\/strong><\/p>\n<blockquote><p>Tavaly, 2011 \u0151sz\u00e9n jelent meg a <em>Szeged effekt<\/em> c\u00edm\u0171 antol\u00f3gia, benne 27 szerz\u0151 felk\u00e9r\u00e9sre sz\u00fcletett, els\u0151 k\u00f6zl\u00e9s\u0171, Szegedhez k\u00f6t\u0151d\u0151 \u00edr\u00e1s\u00e1val. 2012-ben Bene Zolt\u00e1n szerkeszt\u0151 felk\u00e9r\u00e9s\u00e9re 34 szerz\u0151 ragadott tollat, 34 \u00edr\u00e1s sz\u00fcletett, amelyeket Szeged k\u00f6t \u00f6ssze.<\/p><\/blockquote>\n<ul>\n<li>Helysz\u00edn: Millenneumi Klub (Dugonics t\u00e9r 12.)<\/li>\n<li>Id\u0151pont: 2012. j\u00fanius 8. (p\u00e9ntek) 18.00<\/li>\n<\/ul>\n<p>Kapcsol\u00f3d\u00f3 inform\u00e1ci\u00f3k:<br \/>\n<a href=\"http:\/\/konyvhetszeged2012.sk-szeged.hu\/?p=361\">A Szeged effekt 2 leteszi n\u00e9vjegy\u00e9t<\/a><br \/>\n<a href=\"http:\/\/www.szegedeffekt.eoldal.hu\/\" target=\"_blank\">A Szeged effekt antol\u00f3gi\u00e1k<\/a><br \/>\n<a href=\"http:\/\/www.szegedilap.hu\/cikkek\/irodalom-tortenes\/szeged-effekt-2.html\" target=\"_blank\">Szeged effekt 2 (szegedilap.hu)<\/a><\/p>\n","protected":false},"excerpt":{"rendered":"<p>Az antol\u00f3gia bemutat\u00f3ja (Arei\u00f3n Kultur\u00e1lis K\u00f6zhaszn\u00fa Egyes\u00fclet) Moder\u00e1tor: Kisimre Ferenc Tavaly, 2011 \u0151sz\u00e9n jelent meg a Szeged effekt c\u00edm\u0171 antol\u00f3gia, benne 27 szerz\u0151 felk\u00e9r\u00e9sre sz\u00fcletett, els\u0151 k\u00f6zl\u00e9s\u0171, Szegedhez k\u00f6t\u0151d\u0151 \u00edr\u00e1s\u00e1val. 2012-ben Bene Zolt\u00e1n szerkeszt\u0151 felk\u00e9r\u00e9s\u00e9re 34 szerz\u0151 ragadott tollat, 34 &hellip; <a href=\"http:\/\/konyvhetszeged2012.sk-szeged.hu\/?p=414\">Tov\u00e1bb <span class=\"meta-nav\">&rarr;<\/span><\/a><\/p>\n","protected":false},"author":2,"featured_media":0,"comment_status":"open","ping_status":"open","sticky":false,"template":"","format":"standard","meta":{"ngg_post_thumbnail":0,"footnotes":""},"categories":[345,88,270,26,276],"tags":[437],"class_list":["post-414","post","type-post","status-publish","format-standard","hentry","category-areion-egyesulet","category-bene-zoltan","category-junius-8-pentek","category-konyvbemutato","category-milleniumi-klub","tag-kisimre-ferenc"],"_links":{"self":[{"href":"http:\/\/konyvhetszeged2012.sk-szeged.hu\/index.php?rest_route=\/wp\/v2\/posts\/414","targetHints":{"allow":["GET"]}}],"collection":[{"href":"http:\/\/konyvhetszeged2012.sk-szeged.hu\/index.php?rest_route=\/wp\/v2\/posts"}],"about":[{"href":"http:\/\/konyvhetszeged2012.sk-szeged.hu\/index.php?rest_route=\/wp\/v2\/types\/post"}],"author":[{"embeddable":true,"href":"http:\/\/konyvhetszeged2012.sk-szeged.hu\/index.php?rest_route=\/wp\/v2\/users\/2"}],"replies":[{"embeddable":true,"href":"http:\/\/konyvhetszeged2012.sk-szeged.hu\/index.php?rest_route=%2Fwp%2Fv2%2Fcomments&post=414"}],"version-history":[{"count":10,"href":"http:\/\/konyvhetszeged2012.sk-szeged.hu\/index.php?rest_route=\/wp\/v2\/posts\/414\/revisions"}],"predecessor-version":[{"id":1219,"href":"http:\/\/konyvhetszeged2012.sk-szeged.hu\/index.php?rest_route=\/wp\/v2\/posts\/414\/revisions\/1219"}],"wp:attachment":[{"href":"http:\/\/konyvhetszeged2012.sk-szeged.hu\/index.php?rest_route=%2Fwp%2Fv2%2Fmedia&parent=414"}],"wp:term":[{"taxonomy":"category","embeddable":true,"href":"http:\/\/konyvhetszeged2012.sk-szeged.hu\/index.php?rest_route=%2Fwp%2Fv2%2Fcategories&post=414"},{"taxonomy":"post_tag","embeddable":true,"href":"http:\/\/konyvhetszeged2012.sk-szeged.hu\/index.php?rest_route=%2Fwp%2Fv2%2Ftags&post=414"}],"curies":[{"name":"wp","href":"https:\/\/api.w.org\/{rel}","templated":true}]}}