{"id":291,"date":"2012-05-22T13:35:24","date_gmt":"2012-05-22T11:35:24","guid":{"rendered":"http:\/\/konyvhetszeged2012.sk-szeged.hu\/?p=291"},"modified":"2012-05-30T18:26:01","modified_gmt":"2012-05-30T16:26:01","slug":"meselj-nekem-mano-konyvek","status":"publish","type":"post","link":"http:\/\/konyvhetszeged2012.sk-szeged.hu\/?p=291","title":{"rendered":"Mes\u00e9lj nekem! &#8211; Man\u00f3 k\u00f6nyvek"},"content":{"rendered":"<p><a href=\"http:\/\/konyvhetszeged2012.sk-szeged.hu\/wp-content\/uploads\/2012\/05\/mano_konyvek.png\"><img loading=\"lazy\" decoding=\"async\" class=\"alignleft size-full wp-image-292\" title=\"mano_konyvek\" src=\"http:\/\/konyvhetszeged2012.sk-szeged.hu\/wp-content\/uploads\/2012\/05\/mano_konyvek.png\" alt=\"\" width=\"215\" height=\"90\" \/><\/a><br \/>\nMes\u00e9l\u00e9ssel egybek\u00f6t\u00f6tt besz\u00e9lget\u00e9s a Man\u00f3 k\u00f6nyvek \u00faj sorozat\u00e1nak szerkeszt\u0151j\u00e9vel, <strong>Luzsi Marg\u00f3<\/strong>val<br \/>\nBesz\u00e9lget\u0151t\u00e1rs: <strong>Feh\u00e9r Zsuzsa<\/strong><\/p>\n<ul>\n<li>Helysz\u00edn: a Re\u00f6k-palota el\u0151tti t\u00e9r (Tisza Lajos krt. 56.)<\/li>\n<li>Id\u0151pont: 2012. j\u00fanius 8. (p\u00e9ntek) 10.30<\/li>\n<\/ul>\n<p>Kapcsol\u00f3d\u00f3 inform\u00e1ci\u00f3k:<\/p>\n<p><a href=\"http:\/\/manokonyvek.hu\/\" target=\"_blank\">A Man\u00f3 K\u00f6nyvek Kiad\u00f3 honlapja<\/a><\/p>\n","protected":false},"excerpt":{"rendered":"<p>Mes\u00e9l\u00e9ssel egybek\u00f6t\u00f6tt besz\u00e9lget\u00e9s a Man\u00f3 k\u00f6nyvek \u00faj sorozat\u00e1nak szerkeszt\u0151j\u00e9vel, Luzsi Marg\u00f3val Besz\u00e9lget\u0151t\u00e1rs: Feh\u00e9r Zsuzsa Helysz\u00edn: a Re\u00f6k-palota el\u0151tti t\u00e9r (Tisza Lajos krt. 56.) Id\u0151pont: 2012. j\u00fanius 8. (p\u00e9ntek) 10.30 Kapcsol\u00f3d\u00f3 inform\u00e1ci\u00f3k: A Man\u00f3 K\u00f6nyvek Kiad\u00f3 honlapja<\/p>\n","protected":false},"author":3,"featured_media":0,"comment_status":"open","ping_status":"open","sticky":false,"template":"","format":"standard","meta":{"ngg_post_thumbnail":0,"footnotes":""},"categories":[186,270,26,265],"tags":[340,339],"class_list":["post-291","post","type-post","status-publish","format-standard","hentry","category-gyerekprogramok","category-junius-8-pentek","category-konyvbemutato","category-reok-palota-elotti-ter","tag-feher-zsuzsa","tag-luzsi-margo"],"_links":{"self":[{"href":"http:\/\/konyvhetszeged2012.sk-szeged.hu\/index.php?rest_route=\/wp\/v2\/posts\/291","targetHints":{"allow":["GET"]}}],"collection":[{"href":"http:\/\/konyvhetszeged2012.sk-szeged.hu\/index.php?rest_route=\/wp\/v2\/posts"}],"about":[{"href":"http:\/\/konyvhetszeged2012.sk-szeged.hu\/index.php?rest_route=\/wp\/v2\/types\/post"}],"author":[{"embeddable":true,"href":"http:\/\/konyvhetszeged2012.sk-szeged.hu\/index.php?rest_route=\/wp\/v2\/users\/3"}],"replies":[{"embeddable":true,"href":"http:\/\/konyvhetszeged2012.sk-szeged.hu\/index.php?rest_route=%2Fwp%2Fv2%2Fcomments&post=291"}],"version-history":[{"count":5,"href":"http:\/\/konyvhetszeged2012.sk-szeged.hu\/index.php?rest_route=\/wp\/v2\/posts\/291\/revisions"}],"predecessor-version":[{"id":1003,"href":"http:\/\/konyvhetszeged2012.sk-szeged.hu\/index.php?rest_route=\/wp\/v2\/posts\/291\/revisions\/1003"}],"wp:attachment":[{"href":"http:\/\/konyvhetszeged2012.sk-szeged.hu\/index.php?rest_route=%2Fwp%2Fv2%2Fmedia&parent=291"}],"wp:term":[{"taxonomy":"category","embeddable":true,"href":"http:\/\/konyvhetszeged2012.sk-szeged.hu\/index.php?rest_route=%2Fwp%2Fv2%2Fcategories&post=291"},{"taxonomy":"post_tag","embeddable":true,"href":"http:\/\/konyvhetszeged2012.sk-szeged.hu\/index.php?rest_route=%2Fwp%2Fv2%2Ftags&post=291"}],"curies":[{"name":"wp","href":"https:\/\/api.w.org\/{rel}","templated":true}]}}