{"id":176,"date":"2012-05-22T15:17:21","date_gmt":"2012-05-22T13:17:21","guid":{"rendered":"http:\/\/konyvhetszeged2012.sk-szeged.hu\/?p=176"},"modified":"2021-03-23T09:23:01","modified_gmt":"2021-03-23T07:23:01","slug":"fiatal-hegedusok-estje","status":"publish","type":"post","link":"http:\/\/konyvhetszeged2012.sk-szeged.hu\/?p=176","title":{"rendered":"Fiatal heged\u0171s\u00f6k estje"},"content":{"rendered":"<p><a href=\"http:\/\/konyvhetszeged2012.sk-szeged.hu\/wp-content\/uploads\/2012\/05\/hegedu.jpg\"><img loading=\"lazy\" decoding=\"async\" class=\"alignleft  wp-image-179\" title=\"hegedu\" src=\"http:\/\/konyvhetszeged2012.sk-szeged.hu\/wp-content\/uploads\/2012\/05\/hegedu-300x300.jpg\" alt=\"\" width=\"170\" height=\"170\" srcset=\"http:\/\/konyvhetszeged2012.sk-szeged.hu\/wp-content\/uploads\/2012\/05\/hegedu-300x300.jpg 300w, http:\/\/konyvhetszeged2012.sk-szeged.hu\/wp-content\/uploads\/2012\/05\/hegedu-150x150.jpg 150w, http:\/\/konyvhetszeged2012.sk-szeged.hu\/wp-content\/uploads\/2012\/05\/hegedu.jpg 422w\" sizes=\"auto, (max-width: 170px) 100vw, 170px\" \/><\/a><br \/>\nAz est szervez\u0151je az SZTE Zenem\u0171v\u00e9szeti Kara.<\/p>\n<blockquote><p>A heged\u0171sz\u00f3 olyan, amilyent csak legm\u00e9lyebb \u00e1lm\u00e1ban hall az ember \u00e9s amikor fel\u00e9bred, m\u00e1r nem eml\u00e9kszik a dalra&#8230; de eg\u00e9sz nap j\u00f3kedv\u0171 \u00e9s tiszta \u00e9s a lelke olyan, mint egy feh\u00e9rruh\u00e1s angyal\u00e9&#8230;. (Pe\u00e9ry Piri, Nyugat, 1929)<\/p><\/blockquote>\n<ul>\n<li>Helysz\u00edn: B\u00e1lint S\u00e1ndor M\u0171vel\u0151d\u00e9si H\u00e1z (Temesv\u00e1ri krt. 42.)<\/li>\n<li>Id\u0151pont: 2012. j\u00fanius 5. (kedd) 16.00<\/li>\n<\/ul>\n<p>Kapcsol\u00f3d\u00f3 inform\u00e1ci\u00f3k:<br \/>\n<a href=\"http:\/\/www.music.u-szeged.hu\/\" target=\"_blank\" rel=\"noopener\">SZTE Zenem\u0171v\u00e9szeti Kar<\/a><\/p>\n","protected":false},"excerpt":{"rendered":"<p>Az est szervez\u0151je az SZTE Zenem\u0171v\u00e9szeti Kara. A heged\u0171sz\u00f3 olyan, amilyent csak legm\u00e9lyebb \u00e1lm\u00e1ban hall az ember \u00e9s amikor fel\u00e9bred, m\u00e1r nem eml\u00e9kszik a dalra&#8230; de eg\u00e9sz nap j\u00f3kedv\u0171 \u00e9s tiszta \u00e9s a lelke olyan, mint egy feh\u00e9rruh\u00e1s angyal\u00e9&#8230;. (Pe\u00e9ry &hellip; <a href=\"http:\/\/konyvhetszeged2012.sk-szeged.hu\/?p=176\">Tov\u00e1bb <span class=\"meta-nav\">&rarr;<\/span><\/a><\/p>\n","protected":false},"author":2,"featured_media":0,"comment_status":"closed","ping_status":"open","sticky":false,"template":"","format":"standard","meta":{"ngg_post_thumbnail":0,"footnotes":""},"categories":[33,267,31],"tags":[],"class_list":["post-176","post","type-post","status-publish","format-standard","hentry","category-balint-sandor-muvelodesi-haz","category-junius-5-kedd","category-zenei-eloadas"],"_links":{"self":[{"href":"http:\/\/konyvhetszeged2012.sk-szeged.hu\/index.php?rest_route=\/wp\/v2\/posts\/176","targetHints":{"allow":["GET"]}}],"collection":[{"href":"http:\/\/konyvhetszeged2012.sk-szeged.hu\/index.php?rest_route=\/wp\/v2\/posts"}],"about":[{"href":"http:\/\/konyvhetszeged2012.sk-szeged.hu\/index.php?rest_route=\/wp\/v2\/types\/post"}],"author":[{"embeddable":true,"href":"http:\/\/konyvhetszeged2012.sk-szeged.hu\/index.php?rest_route=\/wp\/v2\/users\/2"}],"replies":[{"embeddable":true,"href":"http:\/\/konyvhetszeged2012.sk-szeged.hu\/index.php?rest_route=%2Fwp%2Fv2%2Fcomments&post=176"}],"version-history":[{"count":10,"href":"http:\/\/konyvhetszeged2012.sk-szeged.hu\/index.php?rest_route=\/wp\/v2\/posts\/176\/revisions"}],"predecessor-version":[{"id":1478,"href":"http:\/\/konyvhetszeged2012.sk-szeged.hu\/index.php?rest_route=\/wp\/v2\/posts\/176\/revisions\/1478"}],"wp:attachment":[{"href":"http:\/\/konyvhetszeged2012.sk-szeged.hu\/index.php?rest_route=%2Fwp%2Fv2%2Fmedia&parent=176"}],"wp:term":[{"taxonomy":"category","embeddable":true,"href":"http:\/\/konyvhetszeged2012.sk-szeged.hu\/index.php?rest_route=%2Fwp%2Fv2%2Fcategories&post=176"},{"taxonomy":"post_tag","embeddable":true,"href":"http:\/\/konyvhetszeged2012.sk-szeged.hu\/index.php?rest_route=%2Fwp%2Fv2%2Ftags&post=176"}],"curies":[{"name":"wp","href":"https:\/\/api.w.org\/{rel}","templated":true}]}}