{"id":152,"date":"2012-05-22T15:05:28","date_gmt":"2012-05-22T13:05:28","guid":{"rendered":"http:\/\/konyvhetszeged2012.sk-szeged.hu\/?p=152"},"modified":"2021-03-23T09:23:01","modified_gmt":"2021-03-23T07:23:01","slug":"cserjes-katalin-kep-olvasas","status":"publish","type":"post","link":"http:\/\/konyvhetszeged2012.sk-szeged.hu\/?p=152","title":{"rendered":"Cserj\u00e9s Katalin: K\u00e9p &#8211; olvas\u00e1s"},"content":{"rendered":"<p><a href=\"http:\/\/konyvhetszeged2012.sk-szeged.hu\/wp-content\/uploads\/2012\/05\/cserjes_katalin.jpg\"><img loading=\"lazy\" decoding=\"async\" class=\"alignleft  wp-image-154\" title=\"cserjes_katalin\" src=\"http:\/\/konyvhetszeged2012.sk-szeged.hu\/wp-content\/uploads\/2012\/05\/cserjes_katalin.jpg\" alt=\"\" width=\"128\" height=\"146\" \/><\/a><br \/>\nK\u00f6nyvbemutat\u00f3 (JATEPress)<br \/>\nA szerz\u0151vel <strong>V\u00e1raljai Anna<\/strong> m\u0171v\u00e9szett\u00f6rt\u00e9n\u00e9sz besz\u00e9lget.<\/p>\n<blockquote><p>Cserj\u00e9s Katalin (1954, Budapest) A Szegedi Tudom\u00e1nyegyetem Modern Magyar Irodalom Tansz\u00e9k\u00e9nek oktat\u00f3ja. Kutat\u00e1sai els\u0151sorban a f\u00e9lm\u00falt \u00e9s a kort\u00e1rs r\u00f6vidpr\u00f3z\u00e1t, illetve a k\u00e9p-sz\u00f6veg viszonylatokat, kort\u00e1rs k\u00e9pz\u0151m\u0171v\u00e9szetet \u00e9rintik.<\/p><\/blockquote>\n<ul>\n<li>Helysz\u00edn: V\u00e1rm\u00fazeum (Stef\u00e1nia s\u00e9t\u00e1ny 2.)<\/li>\n<li>Id\u0151pont: 2012. j\u00fanius 6. (szerda) 17.00<\/li>\n<\/ul>\n<p>Kapcsol\u00f3d\u00f3 inform\u00e1ci\u00f3k:<br \/>\n<a href=\"http:\/\/www.modernmagyar.u-szeged.hu\/index.php\/tanszeki-oktatok\/dr-cserjes-katalin-phd-adjunktus\" target=\"_blank\" rel=\"noopener\">Dr. Cserj\u00e9s Katalin szakmai \u00f6n\u00e9letrajza<\/a><\/p>\n","protected":false},"excerpt":{"rendered":"<p>K\u00f6nyvbemutat\u00f3 (JATEPress) A szerz\u0151vel V\u00e1raljai Anna m\u0171v\u00e9szett\u00f6rt\u00e9n\u00e9sz besz\u00e9lget. Cserj\u00e9s Katalin (1954, Budapest) A Szegedi Tudom\u00e1nyegyetem Modern Magyar Irodalom Tansz\u00e9k\u00e9nek oktat\u00f3ja. Kutat\u00e1sai els\u0151sorban a f\u00e9lm\u00falt \u00e9s a kort\u00e1rs r\u00f6vidpr\u00f3z\u00e1t, illetve a k\u00e9p-sz\u00f6veg viszonylatokat, kort\u00e1rs k\u00e9pz\u0151m\u0171v\u00e9szetet \u00e9rintik. Helysz\u00edn: V\u00e1rm\u00fazeum (Stef\u00e1nia s\u00e9t\u00e1ny 2.) &hellip; <a href=\"http:\/\/konyvhetszeged2012.sk-szeged.hu\/?p=152\">Tov\u00e1bb <span class=\"meta-nav\">&rarr;<\/span><\/a><\/p>\n","protected":false},"author":2,"featured_media":0,"comment_status":"closed","ping_status":"open","sticky":false,"template":"","format":"standard","meta":{"ngg_post_thumbnail":0,"footnotes":""},"categories":[301,319,300,268,26,282],"tags":[311],"class_list":["post-152","post","type-post","status-publish","format-standard","hentry","category-cserjes-katalin","category-iro-olvaso-talalkozo","category-jatepress","category-junius-6-szerda","category-konyvbemutato","category-varmuzeum","tag-varaljai-anna"],"_links":{"self":[{"href":"http:\/\/konyvhetszeged2012.sk-szeged.hu\/index.php?rest_route=\/wp\/v2\/posts\/152","targetHints":{"allow":["GET"]}}],"collection":[{"href":"http:\/\/konyvhetszeged2012.sk-szeged.hu\/index.php?rest_route=\/wp\/v2\/posts"}],"about":[{"href":"http:\/\/konyvhetszeged2012.sk-szeged.hu\/index.php?rest_route=\/wp\/v2\/types\/post"}],"author":[{"embeddable":true,"href":"http:\/\/konyvhetszeged2012.sk-szeged.hu\/index.php?rest_route=\/wp\/v2\/users\/2"}],"replies":[{"embeddable":true,"href":"http:\/\/konyvhetszeged2012.sk-szeged.hu\/index.php?rest_route=%2Fwp%2Fv2%2Fcomments&post=152"}],"version-history":[{"count":12,"href":"http:\/\/konyvhetszeged2012.sk-szeged.hu\/index.php?rest_route=\/wp\/v2\/posts\/152\/revisions"}],"predecessor-version":[{"id":1481,"href":"http:\/\/konyvhetszeged2012.sk-szeged.hu\/index.php?rest_route=\/wp\/v2\/posts\/152\/revisions\/1481"}],"wp:attachment":[{"href":"http:\/\/konyvhetszeged2012.sk-szeged.hu\/index.php?rest_route=%2Fwp%2Fv2%2Fmedia&parent=152"}],"wp:term":[{"taxonomy":"category","embeddable":true,"href":"http:\/\/konyvhetszeged2012.sk-szeged.hu\/index.php?rest_route=%2Fwp%2Fv2%2Fcategories&post=152"},{"taxonomy":"post_tag","embeddable":true,"href":"http:\/\/konyvhetszeged2012.sk-szeged.hu\/index.php?rest_route=%2Fwp%2Fv2%2Ftags&post=152"}],"curies":[{"name":"wp","href":"https:\/\/api.w.org\/{rel}","templated":true}]}}